{"id":12646,"date":"2025-06-03T01:26:14","date_gmt":"2025-06-03T01:26:14","guid":{"rendered":"https:\/\/infozamoraec.com\/?p=12646"},"modified":"2025-06-03T01:26:14","modified_gmt":"2025-06-03T01:26:14","slug":"hasta-el-15-de-julio-se-podra-conducir-con-licencia-caducada-en-ecuador-sin-recibir-multa-dice-la-ant","status":"publish","type":"post","link":"https:\/\/infozamoraec.com\/index.php\/2025\/06\/03\/hasta-el-15-de-julio-se-podra-conducir-con-licencia-caducada-en-ecuador-sin-recibir-multa-dice-la-ant\/","title":{"rendered":"Hasta el 15 de julio se podr\u00e1 conducir con licencia caducada en Ecuador sin recibir multa, dice la ANT"},"content":{"rendered":"<p><strong>Los portadores de licencias caducadas podr\u00e1n seguir conduciendo hasta el martes 15 de julio de 2025<\/strong>, siempre que los usuarios porten el documento caducado o la denuncia de robo o p\u00e9rdida y el turno impreso agendado hasta el 15 de julio, resolvi\u00f3 este lunes la Agencia Nacional de Tr\u00e1nsito (ANT).<\/p>\n<p>La entidad explic\u00f3 que debido a los inconvenientes t\u00e9cnicos encontrados durante el mantenimiento que la Corporaci\u00f3n Nacional de Telecomunicaciones (CNT) y sus proveedores realizan al sistema Axis, desde el 28 de mayo de 2025,<strong>\u00a0continuar\u00e1n las intermitencias y latencias de los servicios de licencias, procesos de matriculaci\u00f3n, revisi\u00f3n t\u00e9cnica vehicular, entre otros<\/strong>.<\/p>\n<p>Ante ello, la agencia emiti\u00f3 la disposici\u00f3n para contrarrestar los inconvenientes suscitados en cuanto a los tr\u00e1mites de licencias y de matriculaci\u00f3n vehicular.<\/p>\n<p>Seg\u00fan la entidad, la extensi\u00f3n del tiempo de validez de las licencias fue dada a conocer a todos los entes de control de tr\u00e1nsito a escala nacional y Gobiernos aut\u00f3nomos descentralizados municipales (GADM) a fin de que, en los diversos operativos,<strong>\u00a0se valide la documentaci\u00f3n indicada y no se apliquen sanciones<\/strong>.<\/p>\n<p>As\u00ed tambi\u00e9n se inform\u00f3 que las direcciones provinciales de la ANT realizar\u00e1n la coordinaci\u00f3n y seguimiento de estas acciones en territorio, con la finalidad de no afectar los derechos de los ciudadanos.<\/p>\n<p>Por otra parte, mediante un oficio emitido a trav\u00e9s de la Asociaci\u00f3n de Municipalidades del Ecuador (AME), se dispuso tomar las siguientes acciones complementarias con los GADM, para que atiendan los diferentes pedidos en los centros de matriculaci\u00f3n vehicular en cuanto a revisiones t\u00e9cnicas vehiculares, procesos de matriculaci\u00f3n y permisos de circulaci\u00f3n procesados en el sistema Axis y mediante interoperabilidad,\u00a0<strong>sin cargar a los usuarios las multas por calendarizaci\u00f3n que generan estos procesos en sus jurisdicciones<\/strong>.<\/p>\n<p>De esta manera,<strong>\u00a0la ANT exhort\u00f3 a los GADM a que exoneren las multas generadas por no cumplir el proceso completo de matriculaci\u00f3n\u00a0<\/strong>debido al mantenimiento del sistema Axis.<\/p>\n","protected":false},"excerpt":{"rendered":"<p>Los portadores de licencias caducadas podr\u00e1n seguir conduciendo hasta el martes 15 de julio de 2025, siempre que los usuarios porten el documento caducado o la denuncia de robo o p\u00e9rdida y el turno impreso agendado hasta el 15 de julio, resolvi\u00f3 este lunes la Agencia Nacional de Tr\u00e1nsito (ANT). La entidad explic\u00f3 que debido [&hellip;]<\/p>\n","protected":false},"author":1,"featured_media":12647,"comment_status":"open","ping_status":"open","sticky":false,"template":"","format":"standard","meta":{"footnotes":""},"categories":[12],"tags":[],"_links":{"self":[{"href":"https:\/\/infozamoraec.com\/index.php\/wp-json\/wp\/v2\/posts\/12646"}],"collection":[{"href":"https:\/\/infozamoraec.com\/index.php\/wp-json\/wp\/v2\/posts"}],"about":[{"href":"https:\/\/infozamoraec.com\/index.php\/wp-json\/wp\/v2\/types\/post"}],"author":[{"embeddable":true,"href":"https:\/\/infozamoraec.com\/index.php\/wp-json\/wp\/v2\/users\/1"}],"replies":[{"embeddable":true,"href":"https:\/\/infozamoraec.com\/index.php\/wp-json\/wp\/v2\/comments?post=12646"}],"version-history":[{"count":1,"href":"https:\/\/infozamoraec.com\/index.php\/wp-json\/wp\/v2\/posts\/12646\/revisions"}],"predecessor-version":[{"id":12648,"href":"https:\/\/infozamoraec.com\/index.php\/wp-json\/wp\/v2\/posts\/12646\/revisions\/12648"}],"wp:featuredmedia":[{"embeddable":true,"href":"https:\/\/infozamoraec.com\/index.php\/wp-json\/wp\/v2\/media\/12647"}],"wp:attachment":[{"href":"https:\/\/infozamoraec.com\/index.php\/wp-json\/wp\/v2\/media?parent=12646"}],"wp:term":[{"taxonomy":"category","embeddable":true,"href":"https:\/\/infozamoraec.com\/index.php\/wp-json\/wp\/v2\/categories?post=12646"},{"taxonomy":"post_tag","embeddable":true,"href":"https:\/\/infozamoraec.com\/index.php\/wp-json\/wp\/v2\/tags?post=12646"}],"curies":[{"name":"wp","href":"https:\/\/api.w.org\/{rel}","templated":true}]}}