{"id":12640,"date":"2025-06-03T01:22:02","date_gmt":"2025-06-03T01:22:02","guid":{"rendered":"https:\/\/infozamoraec.com\/?p=12640"},"modified":"2025-06-03T01:22:02","modified_gmt":"2025-06-03T01:22:02","slug":"pena-al-correismo-prefiero-trabajar-para-la-gente-aunque-me-digan-ingenuo","status":"publish","type":"post","link":"https:\/\/infozamoraec.com\/index.php\/2025\/06\/03\/pena-al-correismo-prefiero-trabajar-para-la-gente-aunque-me-digan-ingenuo\/","title":{"rendered":"Pe\u00f1a al corre\u00edsmo: \u00abPrefiero trabajar para la gente, aunque me digan ingenuo\u00bb"},"content":{"rendered":"<p>Desde Quito, el exasamble\u00edsta corre\u00edsta,<strong>\u00a0<\/strong><a title=\"\" href=\"https:\/\/x.com\/AsambleaEcuador\" target=\"_blank\"><strong>Sergio Pe\u00f1a<\/strong>,<\/a>\u00a0revel\u00f3 este lunes, 2 de junio, a las 06:35, en una entrevista v\u00eda online con Radio Forever 92.5 FM, en Samborond\u00f3n,\u00a0<strong>los motivos de su expulsi\u00f3n de las filas del corre\u00edsmo en la Asamblea y asegur\u00f3 que ese bloque siempre se opondr\u00e1 a los proyectos del gobierno.<\/strong><\/p>\n<p>Seg\u00fan\u00a0<strong><a title=\"\" href=\"https:\/\/www.larepublica.ec\/blog\/2025\/05\/30\/pena-junto-a-adn-tras-su-expulsion-del-correismo\/\" target=\"_blank\" rel=\"noopener\">Pe\u00f1a,<\/a>\u00a0\u00abTal vez me falta experiencia pol\u00edtica para tener esa malicia y entender que esto funciona con cosas raras,\u00a0y tanta corrupci\u00f3n.\u00a0Quiero no tenerla. As\u00ed eso me haga un pol\u00edtico diferente o me digan ingenuo. Prefiero laborar de esa manera porque es lo que merecen\u00bb.<\/strong><\/p>\n<p>\u00abLos asamble\u00edstas tenemos un deber y es trabajar para la gente.\u00a0<strong>El partido pol\u00edtico por el cual llegas\u00a0<\/strong>muestra un objetivo de pa\u00eds que tienes para trabajar, pero cuando solamente\u00a0<strong>quiere oponerse,\u00a0no puedes mantenerte de esa manera o seguir al reba\u00f1o,<\/strong>\u00a0como dir\u00edan por ah\u00ed, puesto que\u00a0<strong>deber\u00edas trabajar para el Ecuador\u00bb,<\/strong>\u00a0coment\u00f3.<\/p>\n<p>\u00abAyer, en televisi\u00f3n nacional, en Hora 25, de Andr\u00e9s Carri\u00f3n, qued\u00f3 demostrado que\u00a0<strong>ni siquiera han le\u00eddo el proyecto de ley (Ra\u00fal Ch\u00e1vez, de RETO \u2013 Revoluci\u00f3n Ciudadana (RC5), Jahiren Noriega, del corre\u00edsmo).<\/strong>\u00a0<strong>Hablaban\u00a0<\/strong>de los ni\u00f1os de las Malvinas,\u00a0<strong>de que el indulto podr\u00eda beneficiar a los militares y ya en el art\u00edculo 13 ya cambiamos eso\u00bb,\u00a0<\/strong>manifest\u00f3.<\/p>\n<p><strong>\u00abYa existe el hecho de que<\/strong>\u00a0<strong>la desaparici\u00f3n forzada y todo este tipo de delitos no puedan beneficiarse de los indultos.<\/strong>\u00a0Es decir,\u00a0<strong>el corre\u00edsmo siempre estuvo para oponerse<\/strong>, lo prob\u00e9 en televisi\u00f3n nacional\u00bb, reiter\u00f3.<\/p>\n<p><strong>\u00abQueda claro qui\u00e9n quiere trabajar para el pa\u00eds y qui\u00e9n quiere simplemente oponerse<\/strong>, que esto sea un desastre de pa\u00eds\u00a0<strong>y luego tratar de ungirse como los salvadores\u00bb,<\/strong>\u00a0mencion\u00f3.<\/p>\n<h2 class=\"wp-block-heading\">Dictadura<\/h2>\n<p>\u00abY hablo puntualmente de los dirigentes que est\u00e1n ac\u00e1 (<strong>Luisa Gonz\u00e1lez, Viviana Veloz, Andr\u00e9s Arauz, los tres del corre\u00edsmo)\u00a0<\/strong>porque son los que conozco. No puedo hablar de<strong>\u00a0Rafael Correa<\/strong>, porque con \u00e9l solamente\u00a0<strong>hubo un cruce de mensajes<\/strong>\u00a0que se notaba que<strong>\u00a0ya le hab\u00edan mentido lo suficiente<\/strong>\u00a0como para que simplemente me diga, deja tu curul porque fue literalmente eso\u00bb, recalc\u00f3.<\/p>\n<p>\u00abA quien respetuosamente le contest\u00e9, le est\u00e1n mintiendo, el partido se va al carajo y no entienden que hay que trabajar para la gente y no oponerse.\u00a0Ahora por trabajar para el pa\u00eds y que\u00a0<strong>mis reformas fueron ingresadas en este proyecto de ley que se ha blindado para que se evite persecuciones.<\/strong>\u00a0<strong>Se ha manejado de manera t\u00e9cnica y por alguien que sabe de la materia.<\/strong>\u00a0Por eso<strong>\u00a0me dicen traicionero\u00bb,\u00a0<\/strong>expres\u00f3.<\/p>\n<p>\u00abSon cuatro, fuera de tambi\u00e9n las otras observaciones que hicimos juntos a los juristas que se presentaron dentro de la comisi\u00f3n.\u00a0Tienes lo que es\u00a0<strong>cambiar la detenci\u00f3n arbitraria por una aprehensi\u00f3n con control judicial.<\/strong>\u00a0\u00bfC\u00f3mo debe ser? Algo que ya existe.\u00a0<strong>Que los allanamientos en este caso no puedan ser solamente por un bloque de seguridad determinado, sino que tiene que haber un informe t\u00e9cnico y tambi\u00e9n bajo control de un juez<\/strong>\u00ab, aleg\u00f3.<\/p>\n<p><strong>\u00abNo un juez inventado como se pretend\u00eda, que era contra el crimen organizado, sino jueces que ya existen.<\/strong>\u00a0Como los de anticorrupci\u00f3n, entonces d\u00e9mosle esa potestad a ellos.\u00a0El tema de la prisi\u00f3n preventiva, tambi\u00e9n se pretend\u00eda que sea una regla general\u00bb, adelant\u00f3.<\/p>\n<p>\u00abEs contrario a los pactos de derechos humanos, resoluciones de la Organizaci\u00f3n de las Naciones Unidas (ONU) y a nuestra constituci\u00f3n,\u00a0por lo cual se mantiene siendo una regla excepcional, siendo de \u00faltima ratio, pero una medida eficaz en este tipo de casos\u00bb, precis\u00f3.<\/p>\n<p><strong>\u00abLos objetivos militares tienen que ser determinados con par\u00e1metros t\u00e9cnicos.<\/strong>\u00a0Eso tambi\u00e9n ya fue aprobado justamente por el\u00a0<strong>Comando Conjunto de las Fuerzas Armadas,<\/strong>\u00a0va a estar para el segundo debate\u00bb. proporcion\u00f3.<\/p>\n<h2 class=\"wp-block-heading\">Desinter\u00e9s<\/h2>\n<p>\u00abY algo importante, tambi\u00e9n se ingresaron pactos de derechos humanos, dentro de cartas de la ONU como el art\u00edculo 111, 112,\u00a0que blindan justamente de la persecuci\u00f3n a los periodistas, abogados y lo que son los pol\u00edticos, que era el miedo de muchos de ellos\u00bb, avis\u00f3.<\/p>\n<p>\u00abEstamos trabajando de manera t\u00e9cnica en la comisi\u00f3n, qued\u00f3 clar\u00edsimo que nunca leyeron el proyecto de ley y que<strong>\u00a0las observaciones las mandaron el viernes.\u00a0Cu\u00e1ndo hab\u00eda que enviarlas hasta el domingo porque el lunes present\u00e1bamos el primer informe\u00bb,\u00a0<\/strong>advirti\u00f3.<\/p>\n<p>\u00ab\u00bfC\u00f3mo puedes oponerte a algo cuando no has presentado absolutamente nada?\u00a0Eso\u00a0<strong>demuestra el inter\u00e9s de ver el Ecuador arder y no de ponerse a trabajar.<\/strong>\u00a0Mientras nosotros, los verdaderos asamble\u00edstas que llegamos para trabajar por la gente, estamos haciendo eso.\u00a0Laborando de manera t\u00e9cnica para que tengan un buen resultado\u00bb, inform\u00f3.<\/p>\n<p>\u00abFue decepcionante darme cuenta de que aqu\u00ed no estamos para trabajar. Repito, \u00bfc\u00f3mo puedes abstenerte o decirlo a una persona?\u00a0Porque el motivo de\u00a0<strong>la ruptura fue que efectivamente a m\u00ed se me acerc\u00f3 Viviana Veloz a decir\u00a0tienes que votar de esta manera, pero present\u00e9 mis observaciones\u00bb,\u00a0<\/strong>relat\u00f3.<\/p>\n<p>\u00abUstedes no lo han hecho porque a m\u00ed tampoco se me llam\u00f3 a conversar, a decir\u00a0Sergio, \u00bfqu\u00e9 est\u00e1s haciendo? Porque soy un jurista en estos temas.\u00a0Es decir, no me puedes venir a decir que contrataste dos o tres juristas, cuando tienes uno\u00a0que tiene much\u00edsimo tiempo en esto y sabe lo que habla, y est\u00e1 en la comisi\u00f3n\u00a0y ni siquiera le consultas c\u00f3mo est\u00e1n haciendo las cosas\u00bb, cont\u00f3.<\/p>\n<p>\u00abPero bueno,\u00a0<strong>me trataron de imponer el voto.\u00a0Viviana se me acerc\u00f3, tienes que votar as\u00ed porque si no votas de esa manera no eres org\u00e1nico\u00a0y aqu\u00ed siempre votamos juntos.<\/strong>\u00a0Entonces\u00a0<strong>no se dieron cuenta de que realmente ten\u00eda ya observaciones ingresadas\u00bb,<\/strong>\u00a0detall\u00f3.<\/p>\n<h2 class=\"wp-block-heading\">Desacuerdos<\/h2>\n<p><strong>\u00abLes dije, no, no puedo hacerlo.\u00a0<\/strong>Es m\u00e1s, es un voto de confianza para que cuando ustedes\u00a0se dignen en enviar sus observaciones, tambi\u00e9n pueda pelearlas\u00a0y ser ingresadas para mejorar el proyecto de ley.\u00a0Esa era la idea\u00bb, describi\u00f3.<\/p>\n<p>\u00abMe dicen traicionero por pensar, oponerme y reformar.\u00a0Eso es lo que tiene que hacer todo asamble\u00edsta y definitivamente oponerse por oponerse. Como qued\u00f3 demostrado ayer comienzan a hablar de cosas que no est\u00e1n ya en el proyecto de ley.\u00a0<strong>No han le\u00eddo el informe del proyecto de ley, solo buscan oponerse\u00bb,\u00a0<\/strong>acentu\u00f3.<\/p>\n<p>\u00abCuando a me invitaron a este proyecto me dijeron cu\u00e1l era el objetivo del pa\u00eds. Pero definitivamente cuando ya estaba adentro me doy cuenta de que no es el mismo que tenemos.\u00a0Y no hablo de la militancia, para quien guardo much\u00edsimo cari\u00f1o porque son gente que realmente\u00a0quiere un cambio en el pa\u00eds y creen un proyecto\u00bb, recapitul\u00f3.<\/p>\n<p>\u00abHablo de estos dirigentes puntuales sectarios que no les interesa trabajar para el pa\u00eds,\u00a0sino que buscan ser una oposici\u00f3n recalcitrante y no ser una propositiva\u00a0que es lo que estoy haciendo. \u00bfQu\u00e9 es lo que hice?\u00a0Como les digo,\u00a0<strong>hab\u00edan temas que vulneraban derechos constitucionales, tratados internacionales.\u00a0Los reform\u00e9.\u00a0<\/strong>\u00bfPara qu\u00e9?\u00a0<strong>Para que en este caso junto a la comisi\u00f3n, los art\u00edculos queden blindados\u00a0de los miedos que ten\u00eda la gente\u00bb,\u00a0<\/strong>divulg\u00f3.<\/p>\n<p>\u00ab\u00bfCu\u00e1les eran los miedos?\u00a0<strong>Los allanamientos, las detenciones arbitrarias.<\/strong>\u00a0En este caso que un bloque de seguridad pueda determinarte como objetivo militar\u00a0porque le dio la gana.\u00a0Que el control judicial que tuviera cualquiera de estos casos\u00a0sea por jueces inventados que no existen. A ver, los tribunales de excepci\u00f3n est\u00e1n prohibidos\u00bb, refut\u00f3.<\/p>\n<p>\u00ab\u00bfPero qu\u00e9 pasa?\u00a0<strong>En Ecuador, ya se crearon unos que se llaman los jueces anticorrupci\u00f3n.<\/strong>\u00a0Entonces, \u00bfpara qu\u00e9 vamos a crear otro tribunal excepcional? Eso fue lo que hice.<strong>\u00a0Detenci\u00f3n, que obviamente necesita un orden judicial, se cambia por aprehensi\u00f3n.\u00a0Con control judicial\u00bb,\u00a0<\/strong>asever\u00f3.<\/p>\n<h2 class=\"wp-block-heading\">Reforma<\/h2>\n<p>\u00abLos allanamientos en este caso tendr\u00e1n control judicial\u00a0y lo \u00fanico que se hace, entendamos algo,<strong>\u00a0el art\u00edculo 480 del C\u00f3digo Org\u00e1nico Integral Penal\u00a0(COIP), permite siete formas de allanamiento<\/strong>\u00a0<strong>de las cuales cinco son sin orden judicial.<\/strong>\u00a0<strong>La regla general es que para allanar no necesitas orden judicial.\u00a0Entonces lo que se hace es a\u00f1adir uno m\u00e1s.\u00a0Ocho\u00bb,<\/strong>\u00a0comparti\u00f3.<\/p>\n<p>\u00abEl numeral ocho.\u00a0Para este tipo de casos concretos del crimen organizado\u00a0bajo una determinaci\u00f3n de un informe t\u00e9cnico\u00a0y con control judicial.\u00a0Es decir, como existe actualmente. \u00bfPara qu\u00e9? Para evitar estos miedos\u00bb, narr\u00f3.<\/p>\n<p>\u00abEl gobierno propon\u00eda que sea una regla general. B\u00e1sicamente era para estos casos,\u00a0se pon\u00eda en el texto de ley que ten\u00eda que ser la medida.\u00a0S\u00ed o s\u00ed.\u00a0Entonces se volvi\u00f3 una regla general. \u00bfQu\u00e9 hicimos?\u00a0Se mantiene como una excepci\u00f3n, como \u00faltima ratio\u00bb, profundiz\u00f3.<\/p>\n<p>\u00abPero se vuelve una medida eficaz para estos casos seg\u00fan el criterio juez.\u00a0Ese pedacito de redacci\u00f3n que cambiamos\u00a0lo vuelve constitucional. Lo adec\u00faa a nuestra normativa legal.\u00a0Entonces, ese es un trabajo t\u00e9cnico.\u00a0Ahora, que no les lleg\u00f3 el proyecto, a todos nos lleg\u00f3 hasta la prensa\u00bb, remarc\u00f3.<\/p>\n<p>\u00abLo que debieron haber hecho es,\u00a0Sergio, que est\u00e1s en la comisi\u00f3n, reun\u00e1monos,\u00a0conversemos. A ver, \u00bfqu\u00e9 opinas del proyecto de ley?\u00a0\u00bfNo es inconstitucional? \u00bfQu\u00e9 piensas? Eso es lo que hace un partido que quiere trabajar para la gente. No reunirse entre dos o tres, que est\u00e1n bien identificados.\u00a0Decidir y luego decir, tienes que votar de esta manera porque aqu\u00ed somos org\u00e1nicos. Y si no votas as\u00ed, te vas\u00bb, expuso.<\/p>\n<p>\u00abComo si fuese un ni\u00f1o\u00a0y no un profesional que est\u00e1 trabajando para el pa\u00eds.\u00a0Cr\u00e9eme que si todos los asamble\u00edstas tuvieran el pensamiento que tengo\u00a0de trabajar para la gente fuera de una camisa, l\u00ednea pol\u00edtica,\u00a0este Ecuador ser\u00eda una maravilla la Asamblea\u00bb, dijo.<\/p>\n<h2 class=\"wp-block-heading\">Mentiras<\/h2>\n<p>\u00abPero como simplemente est\u00e1n recibiendo directrices de dos o tres\u00a0<strong>(Luisa Gonz\u00e1lez, Viviana Veloz, Andr\u00e9s Arauz),\u00a0<\/strong>que los obligan a votar de una manera, seguimos fregados porque\u00a0<strong>la obligaci\u00f3n era en este caso,\u00a0no aprobar el informe.<\/strong>\u00a0<strong>Eso es lo que quer\u00edan\u00bb<\/strong>, indic\u00f3.<\/p>\n<p>\u00abY bajo qu\u00e9 criterio, si ni siquiera lo han le\u00eddo.\u00a0Como digo ayer qued\u00f3 evidenciado que no han le\u00eddo el proyecto de ley.\u00a0Y que buscan oponerse.\u00a0<strong>Veloz y Luisa<\/strong>\u00a0son quienes en este momento est\u00e1n con las riendas del partido.\u00a0Hay gente que me dice, pero el\u00a0<strong>\u00abMashi\u00bb (Rafael Correa)\u00a0<\/strong>ni siquiera lo sabe.\u00a0Estoy seguro que no.\u00a0<strong>Le llega la informaci\u00f3n que a ellas les conviene<\/strong>\u00ab, afirm\u00f3.<\/p>\n<p><strong>\u00abEsa militancia a<\/strong>\u00a0la cual le mando un saludo gigante,\u00a0de verdad,\u00a0<strong>les est\u00e1n mintiendo terriblemente.<\/strong>\u00a0\u00a1Qu\u00e9 pena!\u00a0Porque es gente que realmente quiere ese proyecto pol\u00edtico. Tienen mucho cari\u00f1o por\u00a0<strong>Correa<\/strong>\u00a0y est\u00e1 bien, por las cosas que hizo.\u00a0Pero es lamentable c\u00f3mo le mienten\u00bb, puntualiz\u00f3.<\/p>\n<p>\u00abQuise creer que no era real hasta que, bueno, me di cuenta que s\u00ed. Se me expulsa por pensar.\u00a0Ni siquiera diferente porque es lo que deber\u00edamos de pensar todos al igual\u00a0en el Ecuador.\u00a0Esa es la raz\u00f3n. Oponerse nunca va a ser el camino\u00bb, asever\u00f3.<\/p>\n<p>\u00abPensemos en trabajar para la gente.\u00a0Al final ustedes merecen resultados, indistintamente la tienda pol\u00edtica. Es lamentable haberme dado cuenta que las leyendas urbanas eran verdad,\u00a0pero bueno, somos nuevos en pol\u00edtica, vamos a seguir trabajando\u00bb, detall\u00f3.<\/p>\n<h2 class=\"wp-block-heading\">Asamble\u00edsta independiente<\/h2>\n<p>\u00abHay gente que me dice traicionero y que estoy en ADN7, no me fui a ning\u00fan lado.\u00a0A m\u00ed me expulsaron, una expulsi\u00f3n express en horas.\u00a0Impresionante, nunca se me llam\u00f3. Hablan tanto de dictadura, se quejan tanto, \u00bfno?\u00a0Pero act\u00faan como una\u00bb, opin\u00f3.<\/p>\n<p>\u00abNunca se me llam\u00f3 a comparecer, discutir, debatir.\u00a0Simplemente tomaron la decisi\u00f3n. Eso muestra c\u00f3mo se maneja el partido.\u00a0Y como digo, ayer quedaron expuestos\u00a0de que nunca leyeron el proyecto de ley.\u00a0Eso demuestra qui\u00e9n realmente est\u00e1 trabajando para la gente y qui\u00e9n no\u00bb, critic\u00f3.<\/p>\n<p><strong>\u00abVoy a seguir trabajando como un asamble\u00edsta independiente.\u00a0Ya veremos qu\u00e9 pasa en el futuro.\u00a0No me voy a pintar de morado.<\/strong>\u00a0Seguir\u00e9 laborando para el pueblo\u00bb, se\u00f1al\u00f3.<\/p>\n<p>\u00abEl primero que tengo en la mesa ya terminado\u00a0y esperando que terminen los urgentes para que se pueda dar tr\u00e1mite\u00a0porque sino estar\u00e1 en el caj\u00f3n,\u00a0es l<strong>a reforma al procedimiento de ley de coactivas\u00a0para evitar que te congelen tu dinerito de la cuenta por una multa de tr\u00e1nsito\u00bb,\u00a0<\/strong>mencion\u00f3.<\/p>\n<p>\u00abA que no puede el Estado estar para abusar.\u00a0<strong>El pueblo merece<\/strong>, en este caso,\u00a0<strong>un alivio real.<\/strong>\u00a0Y esta medida que vamos a pelear en la Asamblea. Y ah\u00ed\u00a0<strong>vamos a ver qui\u00e9n quiere trabajar y qui\u00e9n no<\/strong>\u00a0porque oponerse a esto es oponerse a los ecuatorianos.\u00a0Estoy aqu\u00ed para darles resultados\u00bb, concluy\u00f3.<\/p>\n<p><a href=\"https:\/\/x.com\/abg_sergioec\" target=\"_blank\"><strong>Pe\u00f1a<\/strong><\/a>\u00a0fue expulsado el pasado jueves, 29 de mayo, de la Bancada Ciudadana y del movimiento corre\u00edsta por haber respaldado el pasado martes, 27 de dicho mes, en la Comisi\u00f3n de Desarrollo Econ\u00f3mico, Productivo y la Microempresa de la Asamblea Nacional, en Quito, la\u00a0<strong>\u00abLey de Solidaridad Nacional\u00bb\u00a0<\/strong>impulsada por el presidente reelecto,\u00a0<strong><a href=\"https:\/\/www.larepublica.ec\/blog\/2025\/05\/29\/comision-de-salud-enfoca-su-agenda-en-prevencion-del-cancer\/\" target=\"_blank\" rel=\"noopener\">Daniel Noboa<\/a><\/strong>, para combatir la econom\u00eda criminal.<\/p>\n","protected":false},"excerpt":{"rendered":"<p>Desde Quito, el exasamble\u00edsta corre\u00edsta,\u00a0Sergio Pe\u00f1a,\u00a0revel\u00f3 este lunes, 2 de junio, a las 06:35, en una entrevista v\u00eda online con Radio Forever 92.5 FM, en Samborond\u00f3n,\u00a0los motivos de su expulsi\u00f3n de las filas del corre\u00edsmo en la Asamblea y asegur\u00f3 que ese bloque siempre se opondr\u00e1 a los proyectos del gobierno. Seg\u00fan\u00a0Pe\u00f1a,\u00a0\u00abTal vez me falta [&hellip;]<\/p>\n","protected":false},"author":1,"featured_media":12641,"comment_status":"open","ping_status":"open","sticky":false,"template":"","format":"standard","meta":{"footnotes":""},"categories":[12],"tags":[],"_links":{"self":[{"href":"https:\/\/infozamoraec.com\/index.php\/wp-json\/wp\/v2\/posts\/12640"}],"collection":[{"href":"https:\/\/infozamoraec.com\/index.php\/wp-json\/wp\/v2\/posts"}],"about":[{"href":"https:\/\/infozamoraec.com\/index.php\/wp-json\/wp\/v2\/types\/post"}],"author":[{"embeddable":true,"href":"https:\/\/infozamoraec.com\/index.php\/wp-json\/wp\/v2\/users\/1"}],"replies":[{"embeddable":true,"href":"https:\/\/infozamoraec.com\/index.php\/wp-json\/wp\/v2\/comments?post=12640"}],"version-history":[{"count":1,"href":"https:\/\/infozamoraec.com\/index.php\/wp-json\/wp\/v2\/posts\/12640\/revisions"}],"predecessor-version":[{"id":12642,"href":"https:\/\/infozamoraec.com\/index.php\/wp-json\/wp\/v2\/posts\/12640\/revisions\/12642"}],"wp:featuredmedia":[{"embeddable":true,"href":"https:\/\/infozamoraec.com\/index.php\/wp-json\/wp\/v2\/media\/12641"}],"wp:attachment":[{"href":"https:\/\/infozamoraec.com\/index.php\/wp-json\/wp\/v2\/media?parent=12640"}],"wp:term":[{"taxonomy":"category","embeddable":true,"href":"https:\/\/infozamoraec.com\/index.php\/wp-json\/wp\/v2\/categories?post=12640"},{"taxonomy":"post_tag","embeddable":true,"href":"https:\/\/infozamoraec.com\/index.php\/wp-json\/wp\/v2\/tags?post=12640"}],"curies":[{"name":"wp","href":"https:\/\/api.w.org\/{rel}","templated":true}]}}