{"id":12637,"date":"2025-06-03T01:19:18","date_gmt":"2025-06-03T01:19:18","guid":{"rendered":"https:\/\/infozamoraec.com\/?p=12637"},"modified":"2025-06-03T01:19:18","modified_gmt":"2025-06-03T01:19:18","slug":"comision-de-desarrollo-economico-revisa-veto-parcial-a-ley-de-telecomunicaciones","status":"publish","type":"post","link":"https:\/\/infozamoraec.com\/index.php\/2025\/06\/03\/comision-de-desarrollo-economico-revisa-veto-parcial-a-ley-de-telecomunicaciones\/","title":{"rendered":"Comisi\u00f3n de Desarrollo Econ\u00f3mico revisa veto parcial a ley de Telecomunicaciones"},"content":{"rendered":"<p>La\u00a0<strong><a title=\"\" href=\"https:\/\/www.larepublica.ec\/blog\/2025\/06\/02\/comision-de-seguridad-integral-priorizara-dos-proyectos-de-ley\/\" target=\"_blank\" rel=\"noopener\">Comisi\u00f3n de Desarrollo Econ\u00f3mico, Productivo y la Microempresa\u00a0<\/a><\/strong>de la Asamblea Nacional, en Quito, conoci\u00f3 este lunes, 2 de junio, la objeci\u00f3n parcial por inconveniencia a los art\u00edculos 39 y 91 de la Ley Org\u00e1nica de Telecomunicaciones remitida el pasado jueves, 22 de mayo, por el presidente reelecto,\u00a0<strong><a title=\"\" href=\"https:\/\/www.larepublica.ec\/blog\/2025\/06\/02\/comision-de-seguridad-integral-priorizara-dos-proyectos-de-ley\/\" target=\"_blank\" rel=\"noopener\">Daniel Noboa<\/a><\/strong>.<\/p>\n<p>En su calidad de colegislador, el Ejecutivo mostr\u00f3 textos alternativos a los art\u00edculos mencionados de la norma vigente, previamente reformados por el proyecto de ley, respecto a las condiciones generales de las empresas p\u00fablicas para la prestaci\u00f3n de servicios y sobre la ejecuci\u00f3n de proyectos para la reducci\u00f3n de la brecha digital.<\/p>\n<p>Seg\u00fan lo establece el tercer inciso del art\u00edculo 64 de la Ley Org\u00e1nica de la Funci\u00f3n Legislativa (LOFL), la Asamblea Nacional tendr\u00e1 un plazo m\u00e1ximo de 30 d\u00edas, contados a partir de la entrega del veto, es decir hasta el siguiente s\u00e1bado, 21 de junio del presente a\u00f1o, para analizarlo con base en el informe no vinculante que remita la comisi\u00f3n.<\/p>\n","protected":false},"excerpt":{"rendered":"<p>La\u00a0Comisi\u00f3n de Desarrollo Econ\u00f3mico, Productivo y la Microempresa\u00a0de la Asamblea Nacional, en Quito, conoci\u00f3 este lunes, 2 de junio, la objeci\u00f3n parcial por inconveniencia a los art\u00edculos 39 y 91 de la Ley Org\u00e1nica de Telecomunicaciones remitida el pasado jueves, 22 de mayo, por el presidente reelecto,\u00a0Daniel Noboa. En su calidad de colegislador, el Ejecutivo [&hellip;]<\/p>\n","protected":false},"author":1,"featured_media":12638,"comment_status":"open","ping_status":"open","sticky":false,"template":"","format":"standard","meta":{"footnotes":""},"categories":[12],"tags":[],"_links":{"self":[{"href":"https:\/\/infozamoraec.com\/index.php\/wp-json\/wp\/v2\/posts\/12637"}],"collection":[{"href":"https:\/\/infozamoraec.com\/index.php\/wp-json\/wp\/v2\/posts"}],"about":[{"href":"https:\/\/infozamoraec.com\/index.php\/wp-json\/wp\/v2\/types\/post"}],"author":[{"embeddable":true,"href":"https:\/\/infozamoraec.com\/index.php\/wp-json\/wp\/v2\/users\/1"}],"replies":[{"embeddable":true,"href":"https:\/\/infozamoraec.com\/index.php\/wp-json\/wp\/v2\/comments?post=12637"}],"version-history":[{"count":1,"href":"https:\/\/infozamoraec.com\/index.php\/wp-json\/wp\/v2\/posts\/12637\/revisions"}],"predecessor-version":[{"id":12639,"href":"https:\/\/infozamoraec.com\/index.php\/wp-json\/wp\/v2\/posts\/12637\/revisions\/12639"}],"wp:featuredmedia":[{"embeddable":true,"href":"https:\/\/infozamoraec.com\/index.php\/wp-json\/wp\/v2\/media\/12638"}],"wp:attachment":[{"href":"https:\/\/infozamoraec.com\/index.php\/wp-json\/wp\/v2\/media?parent=12637"}],"wp:term":[{"taxonomy":"category","embeddable":true,"href":"https:\/\/infozamoraec.com\/index.php\/wp-json\/wp\/v2\/categories?post=12637"},{"taxonomy":"post_tag","embeddable":true,"href":"https:\/\/infozamoraec.com\/index.php\/wp-json\/wp\/v2\/tags?post=12637"}],"curies":[{"name":"wp","href":"https:\/\/api.w.org\/{rel}","templated":true}]}}