{"id":12589,"date":"2025-05-30T01:49:56","date_gmt":"2025-05-30T01:49:56","guid":{"rendered":"https:\/\/infozamoraec.com\/?p=12589"},"modified":"2025-05-30T01:49:56","modified_gmt":"2025-05-30T01:49:56","slug":"las-manzanas-podridas-son-las-mismas-que-pierden-eleccion-tras-eleccion-responde-sergio-pena-tras-su-expulsion-de-la-rc","status":"publish","type":"post","link":"https:\/\/infozamoraec.com\/index.php\/2025\/05\/30\/las-manzanas-podridas-son-las-mismas-que-pierden-eleccion-tras-eleccion-responde-sergio-pena-tras-su-expulsion-de-la-rc\/","title":{"rendered":"\u201cLas manzanas podridas son las mismas que pierden elecci\u00f3n tras elecci\u00f3n\u201d, responde Sergio Pe\u00f1a tras su expulsi\u00f3n de la RC"},"content":{"rendered":"<p>El asamble\u00edsta Sergio Pe\u00f1a se pronunci\u00f3 p\u00fablicamente tras ser expulsado de la bancada del movimiento Revoluci\u00f3n Ciudadana. A trav\u00e9s de un mensaje difundido en su cuenta de la red social X, el legislador emiti\u00f3 cr\u00edticas dirigidas\u00a0<strong>a un sector del movimiento.<\/strong><\/p>\n<p>En su publicaci\u00f3n, Pe\u00f1a expres\u00f3: \u201c<strong>Las manzanas podridas est\u00e1n a favor de la delincuencia<\/strong>. Las manzanas podridas les mienten a sus propios militantes. Las manzanas podridas se oponen a todo\u201d. A\u00f1adi\u00f3 que\u00a0<strong>se trata de \u201ctres o cuatro\u201d personas que \u201chablan como si representaran un proyecto pol\u00edtico\u2026 y no lo hacen\u201d.<\/strong><\/p>\n<p>El legislador tambi\u00e9n se\u00f1al\u00f3 que \u201clas manzanas podridas son las mismas que pierden elecci\u00f3n tras elecci\u00f3n por ser sectarias\u201d y concluy\u00f3 su mensaje afirmando: \u201cLos verdaderos traidores a la patria son quienes anteponen sus intereses personales por encima del bienestar del pa\u00eds. \u00c9xitos y bendiciones\u201d.<\/p>\n<p><strong>Pe\u00f1a no mencion\u00f3 nombres espec\u00edficos en su declaraci\u00f3n.<\/strong>\u00a0El mensaje fue publicado horas despu\u00e9s de conocerse su salida oficial del bloque legislativo de la Revoluci\u00f3n Ciudadana.<\/p>\n<p>El legislador<strong>\u00a0<\/strong>fue cuestionado por personajes del corre\u00edsmo debido a su votaci\u00f3n a favor al aprobar\u00a0<a href=\"https:\/\/www.eluniverso.com\/noticias\/politica\/comision-de-desarrollo-economico-aprueba-informe-para-primer-debate-del-proyecto-de-ley-de-solidaridad-nacional-nota\/\" target=\"_blank\" rel=\"noopener noreferrer nofollow\"><strong>el informe para primer debate del proyecto de ley contra econom\u00edas criminales<\/strong><\/a>. Lo que desemboc\u00f3 en la expulsi\u00f3n del movimiento.<\/p>\n","protected":false},"excerpt":{"rendered":"<p>El asamble\u00edsta Sergio Pe\u00f1a se pronunci\u00f3 p\u00fablicamente tras ser expulsado de la bancada del movimiento Revoluci\u00f3n Ciudadana. A trav\u00e9s de un mensaje difundido en su cuenta de la red social X, el legislador emiti\u00f3 cr\u00edticas dirigidas\u00a0a un sector del movimiento. En su publicaci\u00f3n, Pe\u00f1a expres\u00f3: \u201cLas manzanas podridas est\u00e1n a favor de la delincuencia. Las [&hellip;]<\/p>\n","protected":false},"author":1,"featured_media":12590,"comment_status":"open","ping_status":"open","sticky":false,"template":"","format":"standard","meta":{"footnotes":""},"categories":[12],"tags":[],"_links":{"self":[{"href":"https:\/\/infozamoraec.com\/index.php\/wp-json\/wp\/v2\/posts\/12589"}],"collection":[{"href":"https:\/\/infozamoraec.com\/index.php\/wp-json\/wp\/v2\/posts"}],"about":[{"href":"https:\/\/infozamoraec.com\/index.php\/wp-json\/wp\/v2\/types\/post"}],"author":[{"embeddable":true,"href":"https:\/\/infozamoraec.com\/index.php\/wp-json\/wp\/v2\/users\/1"}],"replies":[{"embeddable":true,"href":"https:\/\/infozamoraec.com\/index.php\/wp-json\/wp\/v2\/comments?post=12589"}],"version-history":[{"count":1,"href":"https:\/\/infozamoraec.com\/index.php\/wp-json\/wp\/v2\/posts\/12589\/revisions"}],"predecessor-version":[{"id":12591,"href":"https:\/\/infozamoraec.com\/index.php\/wp-json\/wp\/v2\/posts\/12589\/revisions\/12591"}],"wp:featuredmedia":[{"embeddable":true,"href":"https:\/\/infozamoraec.com\/index.php\/wp-json\/wp\/v2\/media\/12590"}],"wp:attachment":[{"href":"https:\/\/infozamoraec.com\/index.php\/wp-json\/wp\/v2\/media?parent=12589"}],"wp:term":[{"taxonomy":"category","embeddable":true,"href":"https:\/\/infozamoraec.com\/index.php\/wp-json\/wp\/v2\/categories?post=12589"},{"taxonomy":"post_tag","embeddable":true,"href":"https:\/\/infozamoraec.com\/index.php\/wp-json\/wp\/v2\/tags?post=12589"}],"curies":[{"name":"wp","href":"https:\/\/api.w.org\/{rel}","templated":true}]}}