{"id":12578,"date":"2025-05-30T01:39:32","date_gmt":"2025-05-30T01:39:32","guid":{"rendered":"https:\/\/infozamoraec.com\/?p=12578"},"modified":"2025-05-30T01:39:32","modified_gmt":"2025-05-30T01:39:32","slug":"lasso-dice-que-demandara-a-andersson-boscan","status":"publish","type":"post","link":"https:\/\/infozamoraec.com\/index.php\/2025\/05\/30\/lasso-dice-que-demandara-a-andersson-boscan\/","title":{"rendered":"Lasso dice que demandar\u00e1 a Andersson Bosc\u00e1n"},"content":{"rendered":"<p>Como \u00abcreador de mentiras, injurias e infamias,\u00a0le anuncio que estar en Canad\u00e1 no lo hace impune a la demanda que le voy a plantear\u00bb, expres\u00f3 el expresidente Guillermo Lasso contra el fundador del medio digital La Posta, Andersson Bosc\u00e1n.<\/p>\n<p>Con este pronunciamiento, Lasso indic\u00f3 alista una demanda contra el comunicador, quien abandon\u00f3 el pa\u00eds en septiembre de 2024 y anunci\u00f3 que estaba en territorio canadiense.<\/p>\n<p>El exmandatario tambi\u00e9n expres\u00f3 en su cuenta de X: \u00ab<strong>Desde all\u00ed comete delitos a diario, jugando con el honor y la dignidad de las familias<\/strong>. Basta de impunidad\u00bb, escribi\u00f3 Lasso.<\/p>\n<p>Pese<strong>\u00a0a su exilio, Bosc\u00e1n se sigue pronunciando sobre temas pol\u00edticos del pa\u00eds y sigue apareciendo en su medio de forma telem\u00e1tica<\/strong>. (I)<\/p>\n","protected":false},"excerpt":{"rendered":"<p>Como \u00abcreador de mentiras, injurias e infamias,\u00a0le anuncio que estar en Canad\u00e1 no lo hace impune a la demanda que le voy a plantear\u00bb, expres\u00f3 el expresidente Guillermo Lasso contra el fundador del medio digital La Posta, Andersson Bosc\u00e1n. Con este pronunciamiento, Lasso indic\u00f3 alista una demanda contra el comunicador, quien abandon\u00f3 el pa\u00eds en [&hellip;]<\/p>\n","protected":false},"author":1,"featured_media":12579,"comment_status":"open","ping_status":"open","sticky":false,"template":"","format":"standard","meta":{"footnotes":""},"categories":[12],"tags":[],"_links":{"self":[{"href":"https:\/\/infozamoraec.com\/index.php\/wp-json\/wp\/v2\/posts\/12578"}],"collection":[{"href":"https:\/\/infozamoraec.com\/index.php\/wp-json\/wp\/v2\/posts"}],"about":[{"href":"https:\/\/infozamoraec.com\/index.php\/wp-json\/wp\/v2\/types\/post"}],"author":[{"embeddable":true,"href":"https:\/\/infozamoraec.com\/index.php\/wp-json\/wp\/v2\/users\/1"}],"replies":[{"embeddable":true,"href":"https:\/\/infozamoraec.com\/index.php\/wp-json\/wp\/v2\/comments?post=12578"}],"version-history":[{"count":2,"href":"https:\/\/infozamoraec.com\/index.php\/wp-json\/wp\/v2\/posts\/12578\/revisions"}],"predecessor-version":[{"id":12581,"href":"https:\/\/infozamoraec.com\/index.php\/wp-json\/wp\/v2\/posts\/12578\/revisions\/12581"}],"wp:featuredmedia":[{"embeddable":true,"href":"https:\/\/infozamoraec.com\/index.php\/wp-json\/wp\/v2\/media\/12579"}],"wp:attachment":[{"href":"https:\/\/infozamoraec.com\/index.php\/wp-json\/wp\/v2\/media?parent=12578"}],"wp:term":[{"taxonomy":"category","embeddable":true,"href":"https:\/\/infozamoraec.com\/index.php\/wp-json\/wp\/v2\/categories?post=12578"},{"taxonomy":"post_tag","embeddable":true,"href":"https:\/\/infozamoraec.com\/index.php\/wp-json\/wp\/v2\/tags?post=12578"}],"curies":[{"name":"wp","href":"https:\/\/api.w.org\/{rel}","templated":true}]}}