{"id":12538,"date":"2025-05-29T01:03:52","date_gmt":"2025-05-29T01:03:52","guid":{"rendered":"https:\/\/infozamoraec.com\/?p=12538"},"modified":"2025-05-29T01:03:52","modified_gmt":"2025-05-29T01:03:52","slug":"luisa-arremete-contra-asambleistas-correistas-que-apoyaron-ley-para-combatir-economia-criminal","status":"publish","type":"post","link":"https:\/\/infozamoraec.com\/index.php\/2025\/05\/29\/luisa-arremete-contra-asambleistas-correistas-que-apoyaron-ley-para-combatir-economia-criminal\/","title":{"rendered":"Luisa arremete contra asamble\u00edstas corre\u00edstas que apoyaron ley para combatir econom\u00eda criminal"},"content":{"rendered":"<p>En menos de 24 horas, el corre\u00edsmo ha protagonizado dos enfrentamientos en las redes sociales. El primero ocurri\u00f3 ayer cuando el ex presidente\u00a0<strong><a title=\"\" href=\"https:\/\/x.com\/LuisaGonzalezEc\" target=\"_blank\">Rafael Correa<\/a><\/strong>\u00a0arremeti\u00f3 contra el abogado de\u00a0<a title=\"\" href=\"https:\/\/x.com\/LuisaGonzalezEc\" target=\"_blank\"><strong>Aquiles \u00c1lvarez<\/strong>,\u00a0<\/a>alcalde de Guayaquil, por ser anticorre\u00edsta y ahora la ex presidenciable del corre\u00edsmo,\u00a0<a title=\"\" href=\"https:\/\/www.larepublica.ec\/blog\/2025\/05\/27\/ley-de-solidaridad-nacional-avanza-en-asamblea\/\" target=\"_blank\" rel=\"noopener\"><strong>Luisa Gonz\u00e1lez<\/strong>,<\/a>\u00a0critic\u00f3 a<a title=\"\" href=\"https:\/\/www.larepublica.ec\/blog\/2025\/05\/27\/ley-de-solidaridad-nacional-avanza-en-asamblea\/\" target=\"_blank\" rel=\"noopener\">\u00a0<strong>Sergio Pe\u00f1a<\/strong>,<\/a>\u00a0asamble\u00edsta de su bancada, por apoyar la\u00a0<strong>\u2018Ley de Solidaridad Nacional\u2019.<\/strong><\/p>\n<p>Seg\u00fan\u00a0<strong><a title=\"\" href=\"https:\/\/www.larepublica.ec\/blog\/2025\/05\/27\/ley-de-solidaridad-nacional-avanza-en-asamblea\/\" target=\"_blank\" rel=\"noopener\">Luisa<\/a><\/strong>,\u00a0<strong>\u00abEl voto de Pe\u00f1a en la Comisi\u00f3n de Desarrollo Econ\u00f3mico no corresponde al criterio t\u00e9cnico, legal constitucional analizado y peor a\u00fan a la decisi\u00f3n tomada dentro de la bancada de la Revoluci\u00f3n Ciudadana (RC5), y del movimiento, asimismo, aclaro que a los dem\u00e1s compa\u00f1eros se les niega el derecho a la palabra\u00bb.<\/strong><\/p>\n<p><strong>\u00abEstoy abriendo un puente de di\u00e1logo, no estoy actuando contrario a los intereses de la bancada. No soy corre\u00edsta ni anticorre\u00edsta ni nada por el estilo. Soy un abogado en libre ejercicio con su criterio\u00bb,\u00a0<\/strong>contest\u00f3 Pe\u00f1a en Ecuavisa a comentario de Luisa.<\/p>\n<p>Entre quienes respaldaron esta norma estuvieron\u00a0<strong>Sergio Pe\u00f1a y Jes\u00fas Arias<\/strong>, ambos asamble\u00edstas del corre\u00edsmo, mientras que, sus otros dos compa\u00f1eros se opusieron a la medida del gobierno.<\/p>\n<h2 class=\"wp-block-heading\">Comisi\u00f3n de Desarrollo Econ\u00f3mico, Productivo y la Microempresa<\/h2>\n<ol class=\"wp-block-list\">\n<li>Valentina Centeno (P) ADN7<\/li>\n<li>Diego Franco (VP) ADN7<\/li>\n<li>Steven Ordo\u00f1ez ADN7<\/li>\n<li>Lenin Alejandro Lara ADN7<\/li>\n<li>Alex Moran ADN7<\/li>\n<li>Mishelle Mancheno ADN7<\/li>\n<li>Jes\u00fas Arias RC5<\/li>\n<li>Diego Salas RC5<\/li>\n<li>Sergio Pe\u00f1a RC5<\/li>\n<li>Mabel Mendez RC5<\/li>\n<\/ol>\n<p><strong>Pe\u00f1a<\/strong>\u00a0justific\u00f3 su voto a favor se\u00f1alando que\u00a0<strong>la comisi\u00f3n incorpor\u00f3 sus observaciones al proyecto, por lo que consider\u00f3 incoherente rechazarlo.<\/strong>\u00a0Aunque la bancada a\u00fan no ha definido una posici\u00f3n oficial, el parlamentario cree que\u00a0<strong>no habr\u00eda motivos para oponerse si se respetan sus aportes.<\/strong><\/p>\n<p>El asamble\u00edsta corre\u00edsta tambi\u00e9n fue postulado por el oficialismo para formar parte del Consejo de Administraci\u00f3n Legislativa (CAL) y el Comit\u00e9 de \u00c9tica, aunque no recibi\u00f3 el respaldo de su propio bloque. A pesar de eso, sostiene que actu\u00f3 en coordinaci\u00f3n con su bancada al no sufragar por s\u00ed mismo y expres\u00f3 no entender por qu\u00e9 no fue apoyado.<\/p>\n","protected":false},"excerpt":{"rendered":"<p>En menos de 24 horas, el corre\u00edsmo ha protagonizado dos enfrentamientos en las redes sociales. El primero ocurri\u00f3 ayer cuando el ex presidente\u00a0Rafael Correa\u00a0arremeti\u00f3 contra el abogado de\u00a0Aquiles \u00c1lvarez,\u00a0alcalde de Guayaquil, por ser anticorre\u00edsta y ahora la ex presidenciable del corre\u00edsmo,\u00a0Luisa Gonz\u00e1lez,\u00a0critic\u00f3 a\u00a0Sergio Pe\u00f1a,\u00a0asamble\u00edsta de su bancada, por apoyar la\u00a0\u2018Ley de Solidaridad Nacional\u2019. Seg\u00fan\u00a0Luisa,\u00a0\u00abEl voto [&hellip;]<\/p>\n","protected":false},"author":1,"featured_media":12539,"comment_status":"open","ping_status":"open","sticky":false,"template":"","format":"standard","meta":{"footnotes":""},"categories":[12],"tags":[],"_links":{"self":[{"href":"https:\/\/infozamoraec.com\/index.php\/wp-json\/wp\/v2\/posts\/12538"}],"collection":[{"href":"https:\/\/infozamoraec.com\/index.php\/wp-json\/wp\/v2\/posts"}],"about":[{"href":"https:\/\/infozamoraec.com\/index.php\/wp-json\/wp\/v2\/types\/post"}],"author":[{"embeddable":true,"href":"https:\/\/infozamoraec.com\/index.php\/wp-json\/wp\/v2\/users\/1"}],"replies":[{"embeddable":true,"href":"https:\/\/infozamoraec.com\/index.php\/wp-json\/wp\/v2\/comments?post=12538"}],"version-history":[{"count":1,"href":"https:\/\/infozamoraec.com\/index.php\/wp-json\/wp\/v2\/posts\/12538\/revisions"}],"predecessor-version":[{"id":12540,"href":"https:\/\/infozamoraec.com\/index.php\/wp-json\/wp\/v2\/posts\/12538\/revisions\/12540"}],"wp:featuredmedia":[{"embeddable":true,"href":"https:\/\/infozamoraec.com\/index.php\/wp-json\/wp\/v2\/media\/12539"}],"wp:attachment":[{"href":"https:\/\/infozamoraec.com\/index.php\/wp-json\/wp\/v2\/media?parent=12538"}],"wp:term":[{"taxonomy":"category","embeddable":true,"href":"https:\/\/infozamoraec.com\/index.php\/wp-json\/wp\/v2\/categories?post=12538"},{"taxonomy":"post_tag","embeddable":true,"href":"https:\/\/infozamoraec.com\/index.php\/wp-json\/wp\/v2\/tags?post=12538"}],"curies":[{"name":"wp","href":"https:\/\/api.w.org\/{rel}","templated":true}]}}