{"id":12535,"date":"2025-05-29T01:00:32","date_gmt":"2025-05-29T01:00:32","guid":{"rendered":"https:\/\/infozamoraec.com\/?p=12535"},"modified":"2025-05-29T01:08:29","modified_gmt":"2025-05-29T01:08:29","slug":"tce-sanciona-a-asambleista-correista-por-hacer-campana-anticipada","status":"publish","type":"post","link":"https:\/\/infozamoraec.com\/index.php\/2025\/05\/29\/tce-sanciona-a-asambleista-correista-por-hacer-campana-anticipada\/","title":{"rendered":"TCE sanciona a asamble\u00edsta corre\u00edsta por hacer campa\u00f1a anticipada"},"content":{"rendered":"<p>El\u00a0<strong><a title=\"\" href=\"https:\/\/x.com\/TCE_Ecuador\" target=\"_blank\">Tribunal Contencioso Electoral (TCE)\u00a0<\/a><\/strong>confirm\u00f3 este mi\u00e9rcoles, 28 de mayo, a trav\u00e9s de sus cuentas oficiales,\u00a0<strong>una sanci\u00f3n econ\u00f3mica de USD 9.000<\/strong>\u00a0contra la asamble\u00edsta de la Comisi\u00f3n del Derecho a la Salud y el Deporte,\u00a0<strong><a title=\"\" href=\"https:\/\/www.larepublica.ec\/blog\/seccion\/politica\/\" target=\"_blank\" rel=\"noopener\">Victoria Desintonio<\/a><\/strong>, del corre\u00edsmo, por haber hecho\u00a0<strong>proselitismo anticipado durante las elecciones extraordinarias de 2023.<\/strong><\/p>\n<p>Entre las evidencias est\u00e1n las publicaciones difundidas en las redes sociales por\u00a0<strong>Desintonio\u00a0<\/strong>en apoyo a la candidatura presidencial de\u00a0<strong>Luisa Gonz\u00e1lez<\/strong>\u00a0y\u00a0<strong>Andr\u00e9s Arauz<\/strong>, un mes antes del inicio oficial de la campa\u00f1a.<\/p>\n<p>\u00ab<strong>Un intento m\u00e1s por acallar mi voz y la de los m\u00edos. La voz de los humildes, de los olvidados, de los que batallan todos los d\u00edas por un mundo mejor (\u2026)\u00bb,\u00a0<\/strong>coment\u00f3<strong>\u00a0Desintonio.<\/strong><\/p>\n<p>Con tres votos a favor, uno concurrente y uno salvado, el\u00a0<strong>Pleno del TCE<\/strong>\u00a0rechaz\u00f3 el recurso de impugnaci\u00f3n presentado por\u00a0<strong>Desintonio\u00a0<\/strong>contra esta resoluci\u00f3n.<\/p>\n<p>El juez\u00a0<strong>Guillermo Ortega<\/strong>\u00a0argument\u00f3 que la acusaci\u00f3n est\u00e1\u00a0<strong>\u00abdebidamente fundamentada\u00bb<\/strong>\u00a0y que se respet\u00f3 el derecho a la defensa, contradiciendo los alegatos presentados por Desintonio.<\/p>\n<p>La asamble\u00edsta corre\u00edsta dispone de<strong>\u00a0<\/strong>un<strong>\u00a0plazo de 30 d\u00edas para pagar la multa mediante una cuenta bancaria del Consejo Nacional Electoral (CNE).<\/strong>\u00a0Si no cumple con el pago, se<strong>\u00a0iniciar\u00e1 un proceso de cobro coactivo.<\/strong><\/p>\n<p>Cabe destacar que, esto ocurri\u00f3 luego de que el entonces presidente<strong>\u00a0Guillermo Lasso<\/strong>\u00a0disolviera la Asamblea Nacional mediante la figura de la\u00a0<strong>\u00abmuerte cruzada\u00bb.<\/strong><\/p>\n<h2 class=\"wp-block-heading\">Comisi\u00f3n del Derecho a la Salud y Deporte<\/h2>\n<ol class=\"wp-block-list\">\n<li>Juan Jose Reyes (P) ADN7<\/li>\n<li>Diana Blacio (VP) ADN7<\/li>\n<li>Anabella Az\u00edn ADN7<\/li>\n<li>Andres Guschmer ADN7<\/li>\n<li>Anthony Becerra ADN7<\/li>\n<li>Fabricio Tamayo ADN7<\/li>\n<li>Victoria Desintonio RC5<\/li>\n<li>Santiago D\u00edaz RC5<\/li>\n<li>Andr\u00e9s Campos RC5<\/li>\n<li>Cristina Jacome RC5<\/li>\n<\/ol>\n","protected":false},"excerpt":{"rendered":"<p>El\u00a0Tribunal Contencioso Electoral (TCE)\u00a0confirm\u00f3 este mi\u00e9rcoles, 28 de mayo, a trav\u00e9s de sus cuentas oficiales,\u00a0una sanci\u00f3n econ\u00f3mica de USD 9.000\u00a0contra la asamble\u00edsta de la Comisi\u00f3n del Derecho a la Salud y el Deporte,\u00a0Victoria Desintonio, del corre\u00edsmo, por haber hecho\u00a0proselitismo anticipado durante las elecciones extraordinarias de 2023. Entre las evidencias est\u00e1n las publicaciones difundidas en las [&hellip;]<\/p>\n","protected":false},"author":1,"featured_media":12536,"comment_status":"open","ping_status":"open","sticky":false,"template":"","format":"standard","meta":{"footnotes":""},"categories":[12],"tags":[],"_links":{"self":[{"href":"https:\/\/infozamoraec.com\/index.php\/wp-json\/wp\/v2\/posts\/12535"}],"collection":[{"href":"https:\/\/infozamoraec.com\/index.php\/wp-json\/wp\/v2\/posts"}],"about":[{"href":"https:\/\/infozamoraec.com\/index.php\/wp-json\/wp\/v2\/types\/post"}],"author":[{"embeddable":true,"href":"https:\/\/infozamoraec.com\/index.php\/wp-json\/wp\/v2\/users\/1"}],"replies":[{"embeddable":true,"href":"https:\/\/infozamoraec.com\/index.php\/wp-json\/wp\/v2\/comments?post=12535"}],"version-history":[{"count":1,"href":"https:\/\/infozamoraec.com\/index.php\/wp-json\/wp\/v2\/posts\/12535\/revisions"}],"predecessor-version":[{"id":12537,"href":"https:\/\/infozamoraec.com\/index.php\/wp-json\/wp\/v2\/posts\/12535\/revisions\/12537"}],"wp:featuredmedia":[{"embeddable":true,"href":"https:\/\/infozamoraec.com\/index.php\/wp-json\/wp\/v2\/media\/12536"}],"wp:attachment":[{"href":"https:\/\/infozamoraec.com\/index.php\/wp-json\/wp\/v2\/media?parent=12535"}],"wp:term":[{"taxonomy":"category","embeddable":true,"href":"https:\/\/infozamoraec.com\/index.php\/wp-json\/wp\/v2\/categories?post=12535"},{"taxonomy":"post_tag","embeddable":true,"href":"https:\/\/infozamoraec.com\/index.php\/wp-json\/wp\/v2\/tags?post=12535"}],"curies":[{"name":"wp","href":"https:\/\/api.w.org\/{rel}","templated":true}]}}