{"id":12514,"date":"2025-05-28T02:01:39","date_gmt":"2025-05-28T02:01:39","guid":{"rendered":"https:\/\/infozamoraec.com\/?p=12514"},"modified":"2025-05-28T02:01:39","modified_gmt":"2025-05-28T02:01:39","slug":"suspendida-audiencia-preparatoria-de-juicio-en-el-caso-triple-a","status":"publish","type":"post","link":"https:\/\/infozamoraec.com\/index.php\/2025\/05\/28\/suspendida-audiencia-preparatoria-de-juicio-en-el-caso-triple-a\/","title":{"rendered":"Suspendida audiencia preparatoria de juicio en el caso Triple A"},"content":{"rendered":"<p>Debido al pedido de varios abogados defensores de los procesados en el caso Triple A, se suspendi\u00f3 la audiencia evacuatoria y preparatoria de juicio que se hab\u00eda programado para este martes en Quito, porque el expediente estar\u00eda incompleto.<\/p>\n<p>El juez anticorrupci\u00f3n Ren\u00e1n Andrade, quien lleva el caso, acept\u00f3 los pedidos de varias de las defensas t\u00e9cnicas de suspender la audiencia preparatoria de juicio que se convoc\u00f3 para este 27 de mayo en el Complejo Judicial Norte de Quito.<\/p>\n<p>El magistrado declar\u00f3 instalada la diligencia de la ma\u00f1ana de este martes, pero la suspendi\u00f3 para dentro de unos 20 d\u00edas.<\/p>\n<p>La decisi\u00f3n se motiv\u00f3 en que los abogados de los veintid\u00f3s procesados alegaron que no han podido revisar en su integridad el expediente, que por ahora suma unos 230 cuerpos, y a\u00fan no se han integrado otros 40 cuerpos de diligencias que han solicitado las partes procesales.<\/p>\n<p>El fiscal a cargo de la investigaci\u00f3n, Leonardo Alarc\u00f3n, manifest\u00f3 que un d\u00eda antes del cierre de la instrucci\u00f3n fiscal los sujetos procesales hab\u00edan solicitado diligencias que deb\u00eda atender para evitar afectar los derechos a la defensa y que m\u00e1s adelante se afecte el proceso por nulidades.<\/p>\n<p>En esa l\u00ednea, Alarc\u00f3n coincidi\u00f3 en que se suspenda la audiencia y sugiri\u00f3 que podr\u00eda tomar unos 20 d\u00edas para que los abogados de los sospechosos puedan revisar el expediente.<\/p>\n<p>El juez Andrade dispuso que se env\u00ede un oficio a la Fiscal\u00eda General informando respecto de que el agente fiscal Leonardo Alarc\u00f3n porque el expediente no est\u00e1 completamente foliado.<\/p>\n<p>Entre los sospechosos est\u00e1 el alcalde de Guayaquil, Aquiles Alvarez, cuyo abogado, Ramiro Garc\u00eda Falcon\u00ed, cuestion\u00f3 que se haya convocado e instalado esta audiencia pese a que hab\u00eda conocimiento de que un \u201c30 %\u201d del expediente no est\u00e9 incorporado y, por lo tanto, no hayan podido acceder a \u00e9l.<\/p>\n<p>En esta audiencia tambi\u00e9n estaba previsto que se revisen las medidas cautelares dictadas en contra de los sospechosos.<\/p>\n","protected":false},"excerpt":{"rendered":"<p>Debido al pedido de varios abogados defensores de los procesados en el caso Triple A, se suspendi\u00f3 la audiencia evacuatoria y preparatoria de juicio que se hab\u00eda programado para este martes en Quito, porque el expediente estar\u00eda incompleto. El juez anticorrupci\u00f3n Ren\u00e1n Andrade, quien lleva el caso, acept\u00f3 los pedidos de varias de las defensas [&hellip;]<\/p>\n","protected":false},"author":1,"featured_media":12515,"comment_status":"open","ping_status":"open","sticky":false,"template":"","format":"standard","meta":{"footnotes":""},"categories":[12],"tags":[],"_links":{"self":[{"href":"https:\/\/infozamoraec.com\/index.php\/wp-json\/wp\/v2\/posts\/12514"}],"collection":[{"href":"https:\/\/infozamoraec.com\/index.php\/wp-json\/wp\/v2\/posts"}],"about":[{"href":"https:\/\/infozamoraec.com\/index.php\/wp-json\/wp\/v2\/types\/post"}],"author":[{"embeddable":true,"href":"https:\/\/infozamoraec.com\/index.php\/wp-json\/wp\/v2\/users\/1"}],"replies":[{"embeddable":true,"href":"https:\/\/infozamoraec.com\/index.php\/wp-json\/wp\/v2\/comments?post=12514"}],"version-history":[{"count":1,"href":"https:\/\/infozamoraec.com\/index.php\/wp-json\/wp\/v2\/posts\/12514\/revisions"}],"predecessor-version":[{"id":12516,"href":"https:\/\/infozamoraec.com\/index.php\/wp-json\/wp\/v2\/posts\/12514\/revisions\/12516"}],"wp:featuredmedia":[{"embeddable":true,"href":"https:\/\/infozamoraec.com\/index.php\/wp-json\/wp\/v2\/media\/12515"}],"wp:attachment":[{"href":"https:\/\/infozamoraec.com\/index.php\/wp-json\/wp\/v2\/media?parent=12514"}],"wp:term":[{"taxonomy":"category","embeddable":true,"href":"https:\/\/infozamoraec.com\/index.php\/wp-json\/wp\/v2\/categories?post=12514"},{"taxonomy":"post_tag","embeddable":true,"href":"https:\/\/infozamoraec.com\/index.php\/wp-json\/wp\/v2\/tags?post=12514"}],"curies":[{"name":"wp","href":"https:\/\/api.w.org\/{rel}","templated":true}]}}