{"id":12495,"date":"2025-05-28T01:27:27","date_gmt":"2025-05-28T01:27:27","guid":{"rendered":"https:\/\/infozamoraec.com\/?p=12495"},"modified":"2025-05-28T01:27:27","modified_gmt":"2025-05-28T01:27:27","slug":"ley-de-solidaridad-nacional-avanza-en-asamblea","status":"publish","type":"post","link":"https:\/\/infozamoraec.com\/index.php\/2025\/05\/28\/ley-de-solidaridad-nacional-avanza-en-asamblea\/","title":{"rendered":"Ley de Solidaridad Nacional avanza en Asamblea"},"content":{"rendered":"<p>Con ocho votos a favor y dos abstenciones, la Comisi\u00f3n de Desarrollo Econ\u00f3mico de la\u00a0<strong><a title=\"\" href=\"https:\/\/x.com\/AsambleaEcuador\" target=\"_blank\">Asamblea<\/a><\/strong>, en Quito, aprob\u00f3 este martes, 27 de mayo, el informe para el primer debate del proyecto de \u00ab<strong>Ley de Solidaridad Nacional\u00bb,<\/strong>\u00a0tambi\u00e9n conocida como\u00a0<strong>\u00abLey de Econom\u00edas Criminales\u00bb,<\/strong>\u00a0impulsada por el presidente reelecto,\u00a0<strong><a title=\"\" href=\"https:\/\/www.larepublica.ec\/blog\/2025\/05\/27\/comision-economica-prioriza-reforma-a-contratacion-publica\/\" target=\"_blank\" rel=\"noopener\">Daniel Noboa.<\/a><\/strong><\/p>\n<p>Durante la sesi\u00f3n, la presidenta de la comisi\u00f3n,\u00a0<strong>Valentina Centeno<\/strong>, someti\u00f3 el informe a votaci\u00f3n tras una breve intervenci\u00f3n de la asamble\u00edsta oficialista,\u00a0<strong>Sade Fritschi.\u00a0<\/strong>Este proyecto busca\u00a0<strong>enfrentar al crimen organizado mediante la colaboraci\u00f3n entre el Estado y el sector privado.<\/strong><\/p>\n<p>Desde el pasado mi\u00e9rcoles, 21 de mayo, la comisi\u00f3n escuch\u00f3 a ministros, juristas, empresarios y miembros de la fuerza p\u00fablica, quienes compartieron experiencias sobre la lucha contra las bandas criminales.\u00a0<strong>Centeno<\/strong>\u00a0destac\u00f3 que todas las propuestas y observaciones fueron procesadas en menos de una semana.<\/p>\n<p>Una de las medidas clave del proyecto es\u00a0<strong>permitir que las empresas privadas donen hasta el 30% de su Impuesto a la Renta en forma de insumos, equipos, materiales e incluso bienes inmuebles para la Polic\u00eda Nacional y las Fuerzas Armadas.<\/strong><\/p>\n<p>Estas donaciones deber\u00e1n ser aprobadas por los ministerios del Interior o de Defensa, seg\u00fan corresponda, y su valor ser\u00e1 verificado por el Servicio de Rentas Internas (SRI) para otorgar beneficios tributarios.<\/p>\n","protected":false},"excerpt":{"rendered":"<p>Con ocho votos a favor y dos abstenciones, la Comisi\u00f3n de Desarrollo Econ\u00f3mico de la\u00a0Asamblea, en Quito, aprob\u00f3 este martes, 27 de mayo, el informe para el primer debate del proyecto de \u00abLey de Solidaridad Nacional\u00bb,\u00a0tambi\u00e9n conocida como\u00a0\u00abLey de Econom\u00edas Criminales\u00bb,\u00a0impulsada por el presidente reelecto,\u00a0Daniel Noboa. Durante la sesi\u00f3n, la presidenta de la comisi\u00f3n,\u00a0Valentina Centeno, [&hellip;]<\/p>\n","protected":false},"author":1,"featured_media":12496,"comment_status":"open","ping_status":"open","sticky":false,"template":"","format":"standard","meta":{"footnotes":""},"categories":[12],"tags":[],"_links":{"self":[{"href":"https:\/\/infozamoraec.com\/index.php\/wp-json\/wp\/v2\/posts\/12495"}],"collection":[{"href":"https:\/\/infozamoraec.com\/index.php\/wp-json\/wp\/v2\/posts"}],"about":[{"href":"https:\/\/infozamoraec.com\/index.php\/wp-json\/wp\/v2\/types\/post"}],"author":[{"embeddable":true,"href":"https:\/\/infozamoraec.com\/index.php\/wp-json\/wp\/v2\/users\/1"}],"replies":[{"embeddable":true,"href":"https:\/\/infozamoraec.com\/index.php\/wp-json\/wp\/v2\/comments?post=12495"}],"version-history":[{"count":1,"href":"https:\/\/infozamoraec.com\/index.php\/wp-json\/wp\/v2\/posts\/12495\/revisions"}],"predecessor-version":[{"id":12497,"href":"https:\/\/infozamoraec.com\/index.php\/wp-json\/wp\/v2\/posts\/12495\/revisions\/12497"}],"wp:featuredmedia":[{"embeddable":true,"href":"https:\/\/infozamoraec.com\/index.php\/wp-json\/wp\/v2\/media\/12496"}],"wp:attachment":[{"href":"https:\/\/infozamoraec.com\/index.php\/wp-json\/wp\/v2\/media?parent=12495"}],"wp:term":[{"taxonomy":"category","embeddable":true,"href":"https:\/\/infozamoraec.com\/index.php\/wp-json\/wp\/v2\/categories?post=12495"},{"taxonomy":"post_tag","embeddable":true,"href":"https:\/\/infozamoraec.com\/index.php\/wp-json\/wp\/v2\/tags?post=12495"}],"curies":[{"name":"wp","href":"https:\/\/api.w.org\/{rel}","templated":true}]}}