{"id":12476,"date":"2025-05-27T02:02:40","date_gmt":"2025-05-27T02:02:40","guid":{"rendered":"https:\/\/infozamoraec.com\/?p=12476"},"modified":"2025-05-27T02:02:40","modified_gmt":"2025-05-27T02:02:40","slug":"clases-no-presenciales-en-esmeraldas-luego-del-incendio-en-la-refineria","status":"publish","type":"post","link":"https:\/\/infozamoraec.com\/index.php\/2025\/05\/27\/clases-no-presenciales-en-esmeraldas-luego-del-incendio-en-la-refineria\/","title":{"rendered":"Clases no presenciales en Esmeraldas luego del incendio en la Refiner\u00eda"},"content":{"rendered":"<p>Luego del incendio registrado la ma\u00f1ana de este lunes 26 de mayo de 2025 en una de las unidades de la Refiner\u00eda Estatal de Esmeraldas, el Ministerio de Educaci\u00f3n activ\u00f3 de inmediato los protocolos de emergencia en las instituciones educativas del \u00e1rea.<\/p>\n<p>A trav\u00e9s de la Coordinaci\u00f3n Zonal 1, se orden\u00f3 la evacuaci\u00f3n preventiva de estudiantes, docentes y personal administrativo de 51 planteles ubicados en un radio de cinco kil\u00f3metros alrededor del complejo industrial.<\/p>\n<p>La medida busca resguardar la salud de la comunidad educativa ante la mala calidad del aire provocada por la densa nube t\u00f3xica que cubre el sur y el centro de la ciudad. Seg\u00fan inform\u00f3 la cartera de Estado, las clases se desarrollar\u00e1n de manera no presencial los d\u00edas lunes 26 y martes 27 de mayo, utilizando plataformas virtuales y medios alternativos que garanticen la continuidad del aprendizaje sin exponer a los alumnos a gases contaminantes.<\/p>\n<p>El Ministerio asegur\u00f3 que el proceso de evacuaci\u00f3n se ejecut\u00f3 sin inconvenientes y reiter\u00f3 su compromiso de proteger la integridad de ni\u00f1os y adolescentes, mientras se monitorea permanentemente la evoluci\u00f3n de la calidad del aire con base en los informes del COE Nacional y otras autoridades competentes.<\/p>\n<p>Adem\u00e1s, se exhort\u00f3 a la ciudadan\u00eda a mantenerse informada \u00fanicamente a trav\u00e9s de los canales oficiales, a fin de evitar la propagaci\u00f3n de rumores o desinformaci\u00f3n en una situaci\u00f3n que mantiene en vilo a cientos de familias esmeralde\u00f1as.<\/p>\n<p>La disposici\u00f3n sobre las clases ser\u00e1 revisada conforme avancen las evaluaciones ambientales en las zonas afectadas.<\/p>\n","protected":false},"excerpt":{"rendered":"<p>Luego del incendio registrado la ma\u00f1ana de este lunes 26 de mayo de 2025 en una de las unidades de la Refiner\u00eda Estatal de Esmeraldas, el Ministerio de Educaci\u00f3n activ\u00f3 de inmediato los protocolos de emergencia en las instituciones educativas del \u00e1rea. A trav\u00e9s de la Coordinaci\u00f3n Zonal 1, se orden\u00f3 la evacuaci\u00f3n preventiva de [&hellip;]<\/p>\n","protected":false},"author":1,"featured_media":12477,"comment_status":"open","ping_status":"open","sticky":false,"template":"","format":"standard","meta":{"footnotes":""},"categories":[12],"tags":[],"_links":{"self":[{"href":"https:\/\/infozamoraec.com\/index.php\/wp-json\/wp\/v2\/posts\/12476"}],"collection":[{"href":"https:\/\/infozamoraec.com\/index.php\/wp-json\/wp\/v2\/posts"}],"about":[{"href":"https:\/\/infozamoraec.com\/index.php\/wp-json\/wp\/v2\/types\/post"}],"author":[{"embeddable":true,"href":"https:\/\/infozamoraec.com\/index.php\/wp-json\/wp\/v2\/users\/1"}],"replies":[{"embeddable":true,"href":"https:\/\/infozamoraec.com\/index.php\/wp-json\/wp\/v2\/comments?post=12476"}],"version-history":[{"count":1,"href":"https:\/\/infozamoraec.com\/index.php\/wp-json\/wp\/v2\/posts\/12476\/revisions"}],"predecessor-version":[{"id":12478,"href":"https:\/\/infozamoraec.com\/index.php\/wp-json\/wp\/v2\/posts\/12476\/revisions\/12478"}],"wp:featuredmedia":[{"embeddable":true,"href":"https:\/\/infozamoraec.com\/index.php\/wp-json\/wp\/v2\/media\/12477"}],"wp:attachment":[{"href":"https:\/\/infozamoraec.com\/index.php\/wp-json\/wp\/v2\/media?parent=12476"}],"wp:term":[{"taxonomy":"category","embeddable":true,"href":"https:\/\/infozamoraec.com\/index.php\/wp-json\/wp\/v2\/categories?post=12476"},{"taxonomy":"post_tag","embeddable":true,"href":"https:\/\/infozamoraec.com\/index.php\/wp-json\/wp\/v2\/tags?post=12476"}],"curies":[{"name":"wp","href":"https:\/\/api.w.org\/{rel}","templated":true}]}}