{"id":12473,"date":"2025-05-27T01:59:56","date_gmt":"2025-05-27T01:59:56","guid":{"rendered":"https:\/\/infozamoraec.com\/?p=12473"},"modified":"2025-05-27T01:59:56","modified_gmt":"2025-05-27T01:59:56","slug":"refineria-de-esmeraldas-se-incendio-por-causas-que-estan-por-determinar","status":"publish","type":"post","link":"https:\/\/infozamoraec.com\/index.php\/2025\/05\/27\/refineria-de-esmeraldas-se-incendio-por-causas-que-estan-por-determinar\/","title":{"rendered":"Refiner\u00eda de Esmeraldas se incendi\u00f3 por causas que est\u00e1n por determinar"},"content":{"rendered":"<p>Un incendio se registr\u00f3 la ma\u00f1ana de este lunes 26 de mayo en la Refiner\u00eda de Esmeraldas, considerada infraestructura estrat\u00e9gica para el sistema energ\u00e9tico del pa\u00eds. La emergencia fue controlada sin heridos ni da\u00f1os estructurales significativos, seg\u00fan autoridades.<\/p>\n<p>\u201cTenemos un tanque con fuel oil que se ha incendiado. Est\u00e1 bajo control. Personal de la refiner\u00eda est\u00e1 trabajando\u201d, inform\u00f3 la ministra de Energ\u00eda y Minas, In\u00e9s Manzano, a trav\u00e9s de su cuenta oficial en X.<\/p>\n<p>La tambi\u00e9n presidenta del Comit\u00e9 de Operaciones de Emergencia (COE) Nacional indic\u00f3 que la Secretar\u00eda de Gesti\u00f3n de Riesgos y la Secretar\u00eda de Pueblos y Nacionalidades activaron los protocolos correspondientes. \u201cSeguiremos comunicando\u201d, escribi\u00f3 en la red social.<\/p>\n<p>Las unidades de seguridad internas de la refiner\u00eda actuaron con rapidez, evitando que el incidente se transformara en una emergencia mayor.<\/p>\n<p>La Armada indic\u00f3 que actu\u00f3 de manera oportuna ante la emergencia registrada en Esmeraldas por el incendio en la refiner\u00eda.<\/p>\n<p>\u201cDesde el primer momento, personal naval se despleg\u00f3 en la zona afectada para brindar apoyo en tareas de seguridad, control del \u00e1rea y coordinaci\u00f3n con otras entidades del Estado\u201d, detall\u00f3 la entidad.<\/p>\n<p>Por el incendio hubo alarma entre la poblaci\u00f3n cercana a ese complejo petrolero. Planteles en los alrededores de la refiner\u00eda fueron evacuados por precauci\u00f3n.<\/p>\n<p>Tras el incendio ocurrido en la refiner\u00eda, Petroecuador decidi\u00f3 paralizar temporalmente las operaciones de la planta industrial.<\/p>\n<p>\u201cLa Refiner\u00eda Esmeraldas sali\u00f3 de operaciones para precautelar la seguridad de las instalaciones y el personal. Se informar\u00e1 el reinicio de actividades\u201d, inform\u00f3 el Departamento de Comunicaci\u00f3n de la empresa p\u00fablica.<\/p>\n<p>El tanque en el que se produjo el incendio se encontraba en el \u00e1rea de utilidades de la refiner\u00eda, expuso Petroecuador y aclar\u00f3 que no hubo personas heridas. \u201cSe reportaron cinco personas atendidas con afectaciones leves por el humo\u201d, apunt\u00f3 la entidad.<\/p>\n<p>El ministro de Salud, \u00c9dgar Lama, sostuvo que ante la emergencia en la Refiner\u00eda de Esmeraldas actuaron de inmediato. \u201cNuestro personal m\u00e9dico y ambulancias del Ministerio de Salud estuvieron en el sitio brindando atenci\u00f3n urgente a los trabajadores afectados por la inhalaci\u00f3n de humo\u201d, refiri\u00f3.<\/p>\n","protected":false},"excerpt":{"rendered":"<p>Un incendio se registr\u00f3 la ma\u00f1ana de este lunes 26 de mayo en la Refiner\u00eda de Esmeraldas, considerada infraestructura estrat\u00e9gica para el sistema energ\u00e9tico del pa\u00eds. La emergencia fue controlada sin heridos ni da\u00f1os estructurales significativos, seg\u00fan autoridades. \u201cTenemos un tanque con fuel oil que se ha incendiado. Est\u00e1 bajo control. Personal de la refiner\u00eda [&hellip;]<\/p>\n","protected":false},"author":1,"featured_media":12474,"comment_status":"open","ping_status":"open","sticky":false,"template":"","format":"standard","meta":{"footnotes":""},"categories":[12],"tags":[],"_links":{"self":[{"href":"https:\/\/infozamoraec.com\/index.php\/wp-json\/wp\/v2\/posts\/12473"}],"collection":[{"href":"https:\/\/infozamoraec.com\/index.php\/wp-json\/wp\/v2\/posts"}],"about":[{"href":"https:\/\/infozamoraec.com\/index.php\/wp-json\/wp\/v2\/types\/post"}],"author":[{"embeddable":true,"href":"https:\/\/infozamoraec.com\/index.php\/wp-json\/wp\/v2\/users\/1"}],"replies":[{"embeddable":true,"href":"https:\/\/infozamoraec.com\/index.php\/wp-json\/wp\/v2\/comments?post=12473"}],"version-history":[{"count":1,"href":"https:\/\/infozamoraec.com\/index.php\/wp-json\/wp\/v2\/posts\/12473\/revisions"}],"predecessor-version":[{"id":12475,"href":"https:\/\/infozamoraec.com\/index.php\/wp-json\/wp\/v2\/posts\/12473\/revisions\/12475"}],"wp:featuredmedia":[{"embeddable":true,"href":"https:\/\/infozamoraec.com\/index.php\/wp-json\/wp\/v2\/media\/12474"}],"wp:attachment":[{"href":"https:\/\/infozamoraec.com\/index.php\/wp-json\/wp\/v2\/media?parent=12473"}],"wp:term":[{"taxonomy":"category","embeddable":true,"href":"https:\/\/infozamoraec.com\/index.php\/wp-json\/wp\/v2\/categories?post=12473"},{"taxonomy":"post_tag","embeddable":true,"href":"https:\/\/infozamoraec.com\/index.php\/wp-json\/wp\/v2\/tags?post=12473"}],"curies":[{"name":"wp","href":"https:\/\/api.w.org\/{rel}","templated":true}]}}