{"id":12464,"date":"2025-05-27T01:53:22","date_gmt":"2025-05-27T01:53:22","guid":{"rendered":"https:\/\/infozamoraec.com\/?p=12464"},"modified":"2025-05-27T01:53:22","modified_gmt":"2025-05-27T01:53:22","slug":"ley-de-solidaridad-nacional-tiene-fecha-para-primer-debate-en-asamblea","status":"publish","type":"post","link":"https:\/\/infozamoraec.com\/index.php\/2025\/05\/27\/ley-de-solidaridad-nacional-tiene-fecha-para-primer-debate-en-asamblea\/","title":{"rendered":"Ley de Solidaridad Nacional tiene fecha para primer debate en Asamblea"},"content":{"rendered":"<p>El primer debate del proyecto de\u00a0<strong>Ley de Solidaridad Nacional<\/strong>\u00a0se realizar\u00e1 este viernes, 30 de mayo, en el Pleno de la Asamblea Nacional, en Quito, as\u00ed lo anunci\u00f3 hoy<a title=\"\" href=\"https:\/\/x.com\/AsambleaEcuador\" target=\"_blank\">\u00a0<strong>Valentina Centeno<\/strong>,<\/a>\u00a0presidenta de la Comisi\u00f3n de Desarrollo Econ\u00f3mico.<\/p>\n<p>La Comisi\u00f3n planea aprobar el informe previo el martes, 27 del presente mes. Uno de los puntos clave, seg\u00fan\u00a0<a title=\"\" href=\"https:\/\/www.larepublica.ec\/blog\/2025\/05\/24\/niels-olsen-trabajemos-juntos-sin-egos-ni-trincheras\/\" target=\"_blank\" rel=\"noopener\"><strong>Centeno<\/strong>,<\/a>\u00a0<strong>es un incentivo tributario: las empresas que donen equipamiento a la Polic\u00eda Nacional y a las Fuerzas Armadas podr\u00e1n acceder a un descuento de hasta el 30 % en el impuesto a la renta.<\/strong><\/p>\n<p>Este lunes 26, de mayo, la Comisi\u00f3n, de mayor\u00eda oficialista, escuch\u00f3 a representantes del sector industrial, polic\u00edas y abogados penalistas como\u00a0<strong>Stalin Raza y Felipe Rodr\u00edguez.<\/strong><\/p>\n<p>El abogado\u00a0<strong>Rodr\u00edguez\u00a0<\/strong>respald\u00f3 la necesidad de un marco legal espec\u00edfico para enfrentar el crimen organizado, resaltando que debe tipificarse como delito el simple hecho de pertenecer a una banda. Sin embargo, advirti\u00f3 que corresponde al Legislativo definir con claridad qu\u00e9 es una organizaci\u00f3n criminal y qui\u00e9nes la integran.<\/p>\n<p>Propuso extender la instrucci\u00f3n fiscal de 30 a 90 d\u00edas, argumentando que un mayor plazo permitir\u00eda reunir m\u00e1s pruebas y lograr condenas s\u00f3lidas respetando los derechos del acusado. Tambi\u00e9n cuestion\u00f3 la constitucionalidad de imponer prisi\u00f3n preventiva obligatoria.<\/p>\n<p>El presidente reelecto,<strong>\u00a0Daniel Noboa,<\/strong>\u00a0envi\u00f3 este proyecto de ley con car\u00e1cter econ\u00f3mico urgente, lo que obliga a la Asamblea a tratarlo en un plazo m\u00e1ximo de 30 d\u00edas.<\/p>\n<p>Cabe destacar que,<strong><a href=\"https:\/\/x.com\/DesarrolloEcAN\" target=\"_blank\">Centeno<\/a><\/strong>\u00a0cambi\u00f3 el pasado mi\u00e9rcoles, 21 de mayo, el nombre de la \u00ab<strong>Ley para Desarticular la Econom\u00eda Criminal Vinculada al Conflicto Armado Interno en Ecuador<\/strong>\u00bb a la\u00a0<strong>\u00abLey de Solidaridad Nacional\u201d<\/strong>, tras un breve di\u00e1logo con el oficialismo.<\/p>\n","protected":false},"excerpt":{"rendered":"<p>El primer debate del proyecto de\u00a0Ley de Solidaridad Nacional\u00a0se realizar\u00e1 este viernes, 30 de mayo, en el Pleno de la Asamblea Nacional, en Quito, as\u00ed lo anunci\u00f3 hoy\u00a0Valentina Centeno,\u00a0presidenta de la Comisi\u00f3n de Desarrollo Econ\u00f3mico. La Comisi\u00f3n planea aprobar el informe previo el martes, 27 del presente mes. Uno de los puntos clave, seg\u00fan\u00a0Centeno,\u00a0es un [&hellip;]<\/p>\n","protected":false},"author":1,"featured_media":12465,"comment_status":"open","ping_status":"open","sticky":false,"template":"","format":"standard","meta":{"footnotes":""},"categories":[12],"tags":[],"_links":{"self":[{"href":"https:\/\/infozamoraec.com\/index.php\/wp-json\/wp\/v2\/posts\/12464"}],"collection":[{"href":"https:\/\/infozamoraec.com\/index.php\/wp-json\/wp\/v2\/posts"}],"about":[{"href":"https:\/\/infozamoraec.com\/index.php\/wp-json\/wp\/v2\/types\/post"}],"author":[{"embeddable":true,"href":"https:\/\/infozamoraec.com\/index.php\/wp-json\/wp\/v2\/users\/1"}],"replies":[{"embeddable":true,"href":"https:\/\/infozamoraec.com\/index.php\/wp-json\/wp\/v2\/comments?post=12464"}],"version-history":[{"count":1,"href":"https:\/\/infozamoraec.com\/index.php\/wp-json\/wp\/v2\/posts\/12464\/revisions"}],"predecessor-version":[{"id":12466,"href":"https:\/\/infozamoraec.com\/index.php\/wp-json\/wp\/v2\/posts\/12464\/revisions\/12466"}],"wp:featuredmedia":[{"embeddable":true,"href":"https:\/\/infozamoraec.com\/index.php\/wp-json\/wp\/v2\/media\/12465"}],"wp:attachment":[{"href":"https:\/\/infozamoraec.com\/index.php\/wp-json\/wp\/v2\/media?parent=12464"}],"wp:term":[{"taxonomy":"category","embeddable":true,"href":"https:\/\/infozamoraec.com\/index.php\/wp-json\/wp\/v2\/categories?post=12464"},{"taxonomy":"post_tag","embeddable":true,"href":"https:\/\/infozamoraec.com\/index.php\/wp-json\/wp\/v2\/tags?post=12464"}],"curies":[{"name":"wp","href":"https:\/\/api.w.org\/{rel}","templated":true}]}}