{"id":12459,"date":"2025-05-27T01:50:32","date_gmt":"2025-05-27T01:50:32","guid":{"rendered":"https:\/\/infozamoraec.com\/?p=12459"},"modified":"2025-05-27T01:50:32","modified_gmt":"2025-05-27T01:50:32","slug":"adn-y-pachakutik-encabezaran-comisiones-de-trabajo-y-educacion","status":"publish","type":"post","link":"https:\/\/infozamoraec.com\/index.php\/2025\/05\/27\/adn-y-pachakutik-encabezaran-comisiones-de-trabajo-y-educacion\/","title":{"rendered":"ADN y Pachakutik encabezar\u00e1n comisiones de Trabajo y Educaci\u00f3n"},"content":{"rendered":"<p>Tanto el oficialismo como los aliados de Pachakutik e independientes, lograron este lunes, 26 de mayo, en la\u00a0<strong><a title=\"\" href=\"https:\/\/www.larepublica.ec\/blog\/2025\/05\/26\/ley-contra-la-economia-criminal-ya-tiene-fecha-para-su-primer-debate-en-la-asamblea\/\" target=\"_blank\" rel=\"noopener\">Asamblea Nacional,\u00a0<\/a><\/strong>en Quito, elegir a los<strong>\u00a0presidentes y vicepresidentes<\/strong>\u00a0<strong>de las comisiones de Educaci\u00f3n y Trabajo,<\/strong>\u00a0luego de que no se alcanzaran consensos internos y la decisi\u00f3n pasara al Pleno.<\/p>\n<p>Con 79 votos positivos,\u00a0<strong>Cecilia Baltazar<\/strong>, asamble\u00edsta por Pachakutik18 y aliada de la Acci\u00f3n Democr\u00e1tica Nacional (ADN7) fue elegida\u00a0<strong>presidenta,<\/strong>\u00a0y\u00a0<strong>John Polanco<\/strong>, del oficialismo,<strong>\u00a0vicepresidente.<\/strong>\u00a0Esto fue posible por el apoyo recibido de los bloques oficialistas, independientes y socios, mientras que, el corre\u00edsmo y el Partido Social Cristiano (PSC6) se abstuvieron con 70 esca\u00f1os.<\/p>\n<ul class=\"wp-block-list\">\n<li>Cecilia Baltazar (Pachakutik18) (presidenta)<\/li>\n<li>John Polanco (ADN7) (vicepresidente)<\/li>\n<li>Henry B\u00f3squez (ADN7)<\/li>\n<li>Luis Fernando J\u00e1come (ADN7)<\/li>\n<li>M\u00f3nica Salazar (ADN7)<\/li>\n<li>Alex Toapanta (Pachakutik18)<\/li>\n<li>Alfredo Serrano (PSC6)<\/li>\n<li>Ana Bel\u00e9n Yela (RC5)<\/li>\n<li>Patricio Ch\u00e1vez (RC5)<\/li>\n<li>Ana Mar\u00eda Raffo (RC5)<\/li>\n<\/ul>\n<h2 class=\"wp-block-heading\">Comisi\u00f3n de Trabajo<\/h2>\n<ul class=\"wp-block-list\">\n<li>Eckenner Recalde (ADN7) (presidente)<\/li>\n<li>Paola Jaramillo (ADN7) (vicepresidenta)<\/li>\n<li>Christopher Jaramillo (ADN7)<\/li>\n<li>Naila Quintana (ADN7)<\/li>\n<li>Elizabeth Vega (ADN7)<\/li>\n<li>Carmen Tiupul (Pachakutik18)<\/li>\n<li>Roberto Cuero (RC5)<\/li>\n<li>Marcos Alvarado (RC5)<\/li>\n<li>Fernando De La Torre (RC5)<\/li>\n<li>Juan Pablo Molina (RC5)<\/li>\n<\/ul>\n<p>Cabe destacar que, los asamble\u00edstas elegidos presidentes y vicepresidentes de las comisiones, al igual que\u00a0<strong>Niels Olsen<\/strong>, presidente del Legislativo, asumir\u00e1n dicho cargo por dos a\u00f1os (2025-2027), luego podr\u00e1n postularse y si tienen suerte, ser\u00e1n reelegidos.<\/p>\n","protected":false},"excerpt":{"rendered":"<p>Tanto el oficialismo como los aliados de Pachakutik e independientes, lograron este lunes, 26 de mayo, en la\u00a0Asamblea Nacional,\u00a0en Quito, elegir a los\u00a0presidentes y vicepresidentes\u00a0de las comisiones de Educaci\u00f3n y Trabajo,\u00a0luego de que no se alcanzaran consensos internos y la decisi\u00f3n pasara al Pleno. Con 79 votos positivos,\u00a0Cecilia Baltazar, asamble\u00edsta por Pachakutik18 y aliada de [&hellip;]<\/p>\n","protected":false},"author":1,"featured_media":12460,"comment_status":"open","ping_status":"open","sticky":false,"template":"","format":"standard","meta":{"footnotes":""},"categories":[12],"tags":[],"_links":{"self":[{"href":"https:\/\/infozamoraec.com\/index.php\/wp-json\/wp\/v2\/posts\/12459"}],"collection":[{"href":"https:\/\/infozamoraec.com\/index.php\/wp-json\/wp\/v2\/posts"}],"about":[{"href":"https:\/\/infozamoraec.com\/index.php\/wp-json\/wp\/v2\/types\/post"}],"author":[{"embeddable":true,"href":"https:\/\/infozamoraec.com\/index.php\/wp-json\/wp\/v2\/users\/1"}],"replies":[{"embeddable":true,"href":"https:\/\/infozamoraec.com\/index.php\/wp-json\/wp\/v2\/comments?post=12459"}],"version-history":[{"count":2,"href":"https:\/\/infozamoraec.com\/index.php\/wp-json\/wp\/v2\/posts\/12459\/revisions"}],"predecessor-version":[{"id":12462,"href":"https:\/\/infozamoraec.com\/index.php\/wp-json\/wp\/v2\/posts\/12459\/revisions\/12462"}],"wp:featuredmedia":[{"embeddable":true,"href":"https:\/\/infozamoraec.com\/index.php\/wp-json\/wp\/v2\/media\/12460"}],"wp:attachment":[{"href":"https:\/\/infozamoraec.com\/index.php\/wp-json\/wp\/v2\/media?parent=12459"}],"wp:term":[{"taxonomy":"category","embeddable":true,"href":"https:\/\/infozamoraec.com\/index.php\/wp-json\/wp\/v2\/categories?post=12459"},{"taxonomy":"post_tag","embeddable":true,"href":"https:\/\/infozamoraec.com\/index.php\/wp-json\/wp\/v2\/tags?post=12459"}],"curies":[{"name":"wp","href":"https:\/\/api.w.org\/{rel}","templated":true}]}}