{"id":12443,"date":"2025-05-25T00:35:49","date_gmt":"2025-05-25T00:35:49","guid":{"rendered":"https:\/\/infozamoraec.com\/?p=12443"},"modified":"2025-05-25T00:35:49","modified_gmt":"2025-05-25T00:35:49","slug":"olsen-hoy-no-es-un-dia-cualquiera","status":"publish","type":"post","link":"https:\/\/infozamoraec.com\/index.php\/2025\/05\/25\/olsen-hoy-no-es-un-dia-cualquiera\/","title":{"rendered":"Olsen: \u00abHoy no es un d\u00eda cualquiera\u00bb"},"content":{"rendered":"<p><strong>\u201cHoy no es un d\u00eda cualquiera. Marca el comienzo de una nueva etapa pol\u00edtica. Ecuador quiere avanzar, construir y no est\u00e1 dispuesto a quedarse atrapado en los errores del pasado\u201d<\/strong>, expres\u00f3 Olsen. Subray\u00f3 que la gobernabilidad exige caminar juntos, Ejecutivo y Legislativo, pese a las diferencias.\u00a0<strong>\u201cEl Ecuador necesita que todas sus funciones caminen del mismo lado de los ciudadanos, sin c\u00e1lculos, sin ma\u00f1as y sin excusas\u201d<\/strong>, afirm\u00f3.<\/p>\n<p>Dirigi\u00e9ndose al presidente Noboa, destac\u00f3:\u00a0<strong>\u201cHoy el Ecuador entero camina junto a usted, un joven que se rebel\u00f3 contra las viejas formas de hacer pol\u00edtica y apost\u00f3 por algo nuevo y grande. Y ese sue\u00f1o se consolida\u201d<\/strong>.<\/p>\n<p>Asegur\u00f3 que colocarle la banda presidencial no fue solo un gesto ceremonial, sino \u201cla reafirmaci\u00f3n de un nuevo camino\u201d.<\/p>\n<p>Concluy\u00f3 se\u00f1alando que desde la Asamblea se legislar\u00e1 con sentido de urgencia, se fiscalizar\u00e1 con responsabilidad y se acompa\u00f1ar\u00e1 con visi\u00f3n de Estado.<\/p>\n","protected":false},"excerpt":{"rendered":"<p>\u201cHoy no es un d\u00eda cualquiera. Marca el comienzo de una nueva etapa pol\u00edtica. Ecuador quiere avanzar, construir y no est\u00e1 dispuesto a quedarse atrapado en los errores del pasado\u201d, expres\u00f3 Olsen. Subray\u00f3 que la gobernabilidad exige caminar juntos, Ejecutivo y Legislativo, pese a las diferencias.\u00a0\u201cEl Ecuador necesita que todas sus funciones caminen del mismo [&hellip;]<\/p>\n","protected":false},"author":1,"featured_media":12444,"comment_status":"open","ping_status":"open","sticky":false,"template":"","format":"standard","meta":{"footnotes":""},"categories":[12],"tags":[],"_links":{"self":[{"href":"https:\/\/infozamoraec.com\/index.php\/wp-json\/wp\/v2\/posts\/12443"}],"collection":[{"href":"https:\/\/infozamoraec.com\/index.php\/wp-json\/wp\/v2\/posts"}],"about":[{"href":"https:\/\/infozamoraec.com\/index.php\/wp-json\/wp\/v2\/types\/post"}],"author":[{"embeddable":true,"href":"https:\/\/infozamoraec.com\/index.php\/wp-json\/wp\/v2\/users\/1"}],"replies":[{"embeddable":true,"href":"https:\/\/infozamoraec.com\/index.php\/wp-json\/wp\/v2\/comments?post=12443"}],"version-history":[{"count":1,"href":"https:\/\/infozamoraec.com\/index.php\/wp-json\/wp\/v2\/posts\/12443\/revisions"}],"predecessor-version":[{"id":12445,"href":"https:\/\/infozamoraec.com\/index.php\/wp-json\/wp\/v2\/posts\/12443\/revisions\/12445"}],"wp:featuredmedia":[{"embeddable":true,"href":"https:\/\/infozamoraec.com\/index.php\/wp-json\/wp\/v2\/media\/12444"}],"wp:attachment":[{"href":"https:\/\/infozamoraec.com\/index.php\/wp-json\/wp\/v2\/media?parent=12443"}],"wp:term":[{"taxonomy":"category","embeddable":true,"href":"https:\/\/infozamoraec.com\/index.php\/wp-json\/wp\/v2\/categories?post=12443"},{"taxonomy":"post_tag","embeddable":true,"href":"https:\/\/infozamoraec.com\/index.php\/wp-json\/wp\/v2\/tags?post=12443"}],"curies":[{"name":"wp","href":"https:\/\/api.w.org\/{rel}","templated":true}]}}