{"id":12439,"date":"2025-05-25T00:33:25","date_gmt":"2025-05-25T00:33:25","guid":{"rendered":"https:\/\/infozamoraec.com\/?p=12439"},"modified":"2025-05-25T00:33:25","modified_gmt":"2025-05-25T00:33:25","slug":"noboa-dice-que-defraudara-a-las-oligarquias-que-siempre-se-enriquecian-a-costa-del-estado","status":"publish","type":"post","link":"https:\/\/infozamoraec.com\/index.php\/2025\/05\/25\/noboa-dice-que-defraudara-a-las-oligarquias-que-siempre-se-enriquecian-a-costa-del-estado\/","title":{"rendered":"Noboa dice que \u00abdefraudar\u00e1 a las oligarqu\u00edas que siempre se enriquec\u00edan a costa del Estado\u00bb"},"content":{"rendered":"<p>El presidente de Ecuador,\u00a0<strong><a title=\"Daniel Noboa\" href=\"https:\/\/x.com\/DanielNoboaOk\" target=\"_blank\" rel=\"noopener\">Daniel Noboa<\/a><\/strong>, jur\u00f3 este s\u00e1bado el cargo para gobernar durante el periodo 2025-2029 para el que fue reelegido en las \u00faltimas elecciones y, en su discurso, anticip\u00f3 que profundizar\u00e1 las l\u00edneas maestras de su corto mandato anterior de a\u00f1o y medio: \u00abguerra\u00bb al crimen organizado, apertura comercial, inversiones y transformaci\u00f3n del sector energ\u00e9tico.<\/p>\n<p>En el discurso con el que inaugur\u00f3 su nuevo mandato, el mandatario m\u00e1s joven de Latinoam\u00e9rica y de la historia democr\u00e1tica de Ecuador reivindic\u00f3 su triunfo en las \u00faltimas elecciones donde en la segunda vuelta, celebrada el 13 de abril, derrot\u00f3 con un 55,63 % de los votos v\u00e1lidos a la candidata corre\u00edsta, Luisa Gonz\u00e1lez, quien contin\u00faa sin aceptar los resultados y se mantiene en su posici\u00f3n de denunciar \u00abfraude\u00bb pese a no haber aportado hasta ahora pruebas consistentes.<\/p>\n<p>Noboa critic\u00f3 los anteriores gobiernos, a los que culp\u00f3 de la corrupci\u00f3n y de haber desaprovechado el potencial econ\u00f3mico del pa\u00eds, adem\u00e1s de haber perseguido a adversarios entre los que se incluy\u00f3.<\/p>\n<p>\u00abEste pa\u00eds tuvo gobiernos que persegu\u00edan a personas, y hoy tiene a un presidente y una vicepresidenta que fueron perseguidos y que hoy son autoridad\u00bb, se\u00f1al\u00f3 Noboa, que asumi\u00f3 el cargo junto a su nueva vicepresidenta, Mar\u00eda Jos\u00e9 Pinto, quien reemplaza a Ver\u00f3nica Abad, quien mantuvo un enconado enfrentamiento con \u00e9l, al punto de quedar apartada de su Gobierno.<\/p>\n<p>\u00abLos golpes los hemos esquivado juntos. Pero no solo los esquivamos, sino que los derrotamos juntos. Lo hicimos de manera contundente y determinada, con el \u00fanico objetivo de salvar a esta patria. Esta patria que fue saqueada, corrompida y secuestrada\u00bb, manifest\u00f3 Noboa.<\/p>\n<h2 class=\"wp-block-heading\"><strong>Seguir\u00e1 en \u00abguerra\u00bb<\/strong><\/h2>\n<p>El jefe de Estado prometi\u00f3 mantener la \u00abguerra\u00bb que desde inicios de 2024 le declar\u00f3 a las bandas criminales, principales causantes de la escalada de violencia que ha hecho que Ecuador figure entre los primeros pa\u00edses de Latinoam\u00e9rica en \u00edndice de homicidios, con una tendencia que se ha recrudecido desde inicios de este a\u00f1o con un promedio de un asesinato por hora.<\/p>\n<p>\u00abYo s\u00e9 que mi deber no es alejarme de un conflicto porque nunca se hab\u00eda resuelto antes. (\u2026) Ese no soy yo, ese no es mi ADN, ese no es el \u2018Nuevo Ecuador&#8217;\u00bb, dijo Noboa en referencia a la sigla de su partido Acci\u00f3n Democr\u00e1tica Nacional (ADN) y al lema de su Gobierno.<\/p>\n<p>El gobernante respald\u00f3 p\u00fablicamente a las Fuerzas Armadas y a la Polic\u00eda Nacional en su labor de enfrentar a las bandas criminales, lo que se constata en un pol\u00e9mico proyecto de ley presentado recientemente, donde propone tener la prerrogativa presidencial de realizar indultos anticipados a polic\u00edas y militares que sean investigados por presuntos excesos y violaciones a derechos humanos en el contexto del \u00abconflicto armado interno\u00bb, como ya ocurre en diversos casos.<\/p>\n<h2 class=\"wp-block-heading\"><strong>Se desmarca de oligarqu\u00edas<\/strong><\/h2>\n<p>Noboa, heredero de una de las mayores fortunas de Ecuador, se\u00f1al\u00f3 tambi\u00e9n que su gesti\u00f3n se regir\u00e1 por la transparencia y la lucha la corrupci\u00f3n, por lo que augur\u00f3 que defraudar\u00e1 \u00aba las oligarqu\u00edas que siempre se enriquec\u00edan a costa del Estado y a todas esas mafias que afectaban al crecimiento de los j\u00f3venes y de las familias ecuatorianas\u00bb.<\/p>\n<p>En ese sentido, enfatiz\u00f3 en la necesidad de profundizar la apertura comercial del pa\u00eds para impulsar las exportaciones y facilitar la llegada de inversi\u00f3n extranjera, de modo que crezca el flujo de divisas en la econom\u00eda del pa\u00eds, que en 2024 se contrajo un 2 %.<\/p>\n<p>Con ello, Noboa espera que se generen m\u00e1s plazas de empleo, especialmente para la poblaci\u00f3n joven, a la que prometi\u00f3 seguir asistiendo con bonos, pasant\u00edas y otros programas para que puedan ver un futuro en Ecuador sin tener que emigrar afuera.<\/p>\n<h2 class=\"wp-block-heading\"><strong>Ley de energ\u00eda nuclear<\/strong><\/h2>\n<p>En inversiones, destac\u00f3 en especial la necesidad de diversificar el sector energ\u00e9tico, de modo que no se repita la crisis que hizo que el pa\u00eds viviese durante m\u00e1s de dos meses racionamientos de electricidad con apagones programados de hasta catorce horas al d\u00eda, debido a una fuerte sequ\u00eda que afect\u00f3 a las principales centrales hidroel\u00e9ctricas del pa\u00eds.<\/p>\n<p>As\u00ed, el mandatario adelant\u00f3 que presentar\u00e1 un proyecto de ley de energ\u00eda nuclear, que pueda sentar las bases para utilizaci\u00f3n de esta tecnolog\u00eda en el pa\u00eds, adem\u00e1s de incrementar la producci\u00f3n de gas natural del Golfo de Guayaquil con inversi\u00f3n p\u00fablica, privada y extranjera.<\/p>\n<p>Noboa destac\u00f3 que a la investidura asistiesen delegaciones 74 pa\u00edses, lo que consider\u00f3 una se\u00f1al de confianza en el pa\u00eds y en la seguridad para invertir con reglas claras. Entre los invitados estuvieron los presidentes de Colombia, Gustavo Petro; y de Per\u00fa, Dina Boluarte; los dos pa\u00edses con los que Ecuador comparte frontera terrestre. EFE<\/p>\n","protected":false},"excerpt":{"rendered":"<p>El presidente de Ecuador,\u00a0Daniel Noboa, jur\u00f3 este s\u00e1bado el cargo para gobernar durante el periodo 2025-2029 para el que fue reelegido en las \u00faltimas elecciones y, en su discurso, anticip\u00f3 que profundizar\u00e1 las l\u00edneas maestras de su corto mandato anterior de a\u00f1o y medio: \u00abguerra\u00bb al crimen organizado, apertura comercial, inversiones y transformaci\u00f3n del sector [&hellip;]<\/p>\n","protected":false},"author":1,"featured_media":12440,"comment_status":"open","ping_status":"open","sticky":false,"template":"","format":"standard","meta":{"footnotes":""},"categories":[12],"tags":[],"_links":{"self":[{"href":"https:\/\/infozamoraec.com\/index.php\/wp-json\/wp\/v2\/posts\/12439"}],"collection":[{"href":"https:\/\/infozamoraec.com\/index.php\/wp-json\/wp\/v2\/posts"}],"about":[{"href":"https:\/\/infozamoraec.com\/index.php\/wp-json\/wp\/v2\/types\/post"}],"author":[{"embeddable":true,"href":"https:\/\/infozamoraec.com\/index.php\/wp-json\/wp\/v2\/users\/1"}],"replies":[{"embeddable":true,"href":"https:\/\/infozamoraec.com\/index.php\/wp-json\/wp\/v2\/comments?post=12439"}],"version-history":[{"count":2,"href":"https:\/\/infozamoraec.com\/index.php\/wp-json\/wp\/v2\/posts\/12439\/revisions"}],"predecessor-version":[{"id":12442,"href":"https:\/\/infozamoraec.com\/index.php\/wp-json\/wp\/v2\/posts\/12439\/revisions\/12442"}],"wp:featuredmedia":[{"embeddable":true,"href":"https:\/\/infozamoraec.com\/index.php\/wp-json\/wp\/v2\/media\/12440"}],"wp:attachment":[{"href":"https:\/\/infozamoraec.com\/index.php\/wp-json\/wp\/v2\/media?parent=12439"}],"wp:term":[{"taxonomy":"category","embeddable":true,"href":"https:\/\/infozamoraec.com\/index.php\/wp-json\/wp\/v2\/categories?post=12439"},{"taxonomy":"post_tag","embeddable":true,"href":"https:\/\/infozamoraec.com\/index.php\/wp-json\/wp\/v2\/tags?post=12439"}],"curies":[{"name":"wp","href":"https:\/\/api.w.org\/{rel}","templated":true}]}}