{"id":12421,"date":"2025-05-23T02:07:40","date_gmt":"2025-05-23T02:07:40","guid":{"rendered":"https:\/\/infozamoraec.com\/?p=12421"},"modified":"2025-05-23T02:07:40","modified_gmt":"2025-05-23T02:07:40","slug":"palacio-de-carondelet-se-blinda-horas-antes-de-la-posesion-de-daniel-noboa-como-presidente","status":"publish","type":"post","link":"https:\/\/infozamoraec.com\/index.php\/2025\/05\/23\/palacio-de-carondelet-se-blinda-horas-antes-de-la-posesion-de-daniel-noboa-como-presidente\/","title":{"rendered":"Palacio de Carondelet se blinda horas antes de la posesi\u00f3n de Daniel Noboa como presidente"},"content":{"rendered":"<p>Sirenas y caravanas de veh\u00edculos blindados y cubiertos por escuadrones de polic\u00edas y militares portando armas largas proteg\u00edan a ministros de Estado, comandantes de las Fuerzas Armadas y la Polic\u00eda Nacional que llegaban hasta el Palacio de Gobierno, en Quito, lo que llam\u00f3 la atenci\u00f3n de vendedores ambulantes, mendigos y la gente que camina diariamente por el sector.<\/p>\n<p>El inusual movimiento se produc\u00eda a menos de 48 horas de la posesi\u00f3n de Daniel Noboa Az\u00edn en la Presidencia de la Rep\u00fablica para cumplir su periodo de cuatro a\u00f1os, para el que fue electo en la segunda vuelta del 13 de abril.<\/p>\n<p>La canciller Gabriela Sommerfeld lleg\u00f3 para una reuni\u00f3n; el ministro del Interior, John Reimberg; el presidente del Consejo de la Judicatura (CJ), Mario Godoy; as\u00ed como contratistas de audio y video para presentaciones musicales.<\/p>\n<p>Se preparan para los eventos protocolarios de este s\u00e1bado y recibir a las delegaciones de presidentes de Estados afines en un Palacio que se adornar\u00e1 con arreglos florales, la alfombra roja y honores de los Granaderos de Tarqui.<\/p>\n<p>Justamente, a prop\u00f3sito de la conmemoraci\u00f3n de los 203 a\u00f1os de la batalla de Pichincha, est\u00e1 previsto que el primer mandatario asista a las 08:00 al acto castrense en el Templo de la Patria, en el suroccidente de Quito.<\/p>\n<p>El siguiente punto de encuentro ser\u00e1 el centro hist\u00f3rico, en la Catedral, donde se realizar\u00e1n honores militares y la entrega de una ofrenda floral en la tumba del mariscal Antonio Jos\u00e9 de Sucre.<\/p>\n","protected":false},"excerpt":{"rendered":"<p>Sirenas y caravanas de veh\u00edculos blindados y cubiertos por escuadrones de polic\u00edas y militares portando armas largas proteg\u00edan a ministros de Estado, comandantes de las Fuerzas Armadas y la Polic\u00eda Nacional que llegaban hasta el Palacio de Gobierno, en Quito, lo que llam\u00f3 la atenci\u00f3n de vendedores ambulantes, mendigos y la gente que camina diariamente [&hellip;]<\/p>\n","protected":false},"author":1,"featured_media":12422,"comment_status":"open","ping_status":"open","sticky":false,"template":"","format":"standard","meta":{"footnotes":""},"categories":[12],"tags":[],"_links":{"self":[{"href":"https:\/\/infozamoraec.com\/index.php\/wp-json\/wp\/v2\/posts\/12421"}],"collection":[{"href":"https:\/\/infozamoraec.com\/index.php\/wp-json\/wp\/v2\/posts"}],"about":[{"href":"https:\/\/infozamoraec.com\/index.php\/wp-json\/wp\/v2\/types\/post"}],"author":[{"embeddable":true,"href":"https:\/\/infozamoraec.com\/index.php\/wp-json\/wp\/v2\/users\/1"}],"replies":[{"embeddable":true,"href":"https:\/\/infozamoraec.com\/index.php\/wp-json\/wp\/v2\/comments?post=12421"}],"version-history":[{"count":1,"href":"https:\/\/infozamoraec.com\/index.php\/wp-json\/wp\/v2\/posts\/12421\/revisions"}],"predecessor-version":[{"id":12423,"href":"https:\/\/infozamoraec.com\/index.php\/wp-json\/wp\/v2\/posts\/12421\/revisions\/12423"}],"wp:featuredmedia":[{"embeddable":true,"href":"https:\/\/infozamoraec.com\/index.php\/wp-json\/wp\/v2\/media\/12422"}],"wp:attachment":[{"href":"https:\/\/infozamoraec.com\/index.php\/wp-json\/wp\/v2\/media?parent=12421"}],"wp:term":[{"taxonomy":"category","embeddable":true,"href":"https:\/\/infozamoraec.com\/index.php\/wp-json\/wp\/v2\/categories?post=12421"},{"taxonomy":"post_tag","embeddable":true,"href":"https:\/\/infozamoraec.com\/index.php\/wp-json\/wp\/v2\/tags?post=12421"}],"curies":[{"name":"wp","href":"https:\/\/api.w.org\/{rel}","templated":true}]}}