{"id":12418,"date":"2025-05-23T02:05:23","date_gmt":"2025-05-23T02:05:23","guid":{"rendered":"https:\/\/infozamoraec.com\/?p=12418"},"modified":"2025-05-23T02:05:23","modified_gmt":"2025-05-23T02:05:23","slug":"noboa-nombra-a-diana-salazar-embajadora-de-ecuador-en-argentina","status":"publish","type":"post","link":"https:\/\/infozamoraec.com\/index.php\/2025\/05\/23\/noboa-nombra-a-diana-salazar-embajadora-de-ecuador-en-argentina\/","title":{"rendered":"Noboa nombra a Diana Salazar embajadora de Ecuador en Argentina"},"content":{"rendered":"<p>El presidente de Ecuador,\u00a0<strong>D<a title=\"aniel Noboa\" href=\"https:\/\/x.com\/DanielNoboaOk\" target=\"_blank\" rel=\"noopener\">aniel Noboa<\/a><\/strong>, nombr\u00f3 este mi\u00e9rcoles a la saliente fiscal general del Estado,\u00a0<strong><a title=\"Diana Salazar\" href=\"https:\/\/www.larepublica.ec\/blog\/2025\/05\/21\/asamblea-aprueba-salida-de-fiscal-diana-salazar\/\" target=\"_blank\" rel=\"noopener\">Diana Salazar<\/a><\/strong>, como embajadora en Argentina, despu\u00e9s de que el pleno de la Asamblea Nacional (Parlamento) aceptara su renuncia, tras seis a\u00f1os al frente del Ministerio P\u00fablico.<\/p>\n<p><strong>La designaci\u00f3n de Noboa cuenta con el benepl\u00e1cito del Gobierno del presidente de Argentina, Javier Milei,<\/strong>\u00a0seg\u00fan el decreto emitido por el mandatario ecuatoriano para poner a la ya ex fiscal general al frente de la delegaci\u00f3n diplom\u00e1tica del pa\u00eds andino en Buenos Aires.<\/p>\n<p>Salazar, primera mujer en llegar a ser fiscal general de Ecuador, asumi\u00f3 el cargo en 2019 y ha adelantado numerosos procesos por corrupci\u00f3n y crimen organizado, al punto de ser apodada por sus partidarios como la \u00abdama de hierro\u00bb y a la vez acusada el corre\u00edsmo de ejercer \u2018lawfare\u2019 (guerra legal) contra sus l\u00edderes, entre ellos el expresidente Rafael Correa (2007-2017), quien fue inhabilitado pol\u00edticamente y condenado a ocho a\u00f1os de c\u00e1rcel por cohecho.<\/p>\n<p><strong>\u00abEcuador reconoce y agradece el trabajo realizado por Diana Salazar durante su gesti\u00f3n como fiscal general del Estado\u00bb<\/strong>, manifest\u00f3 la Presidencia de Ecuador en un comunicado. EFE<\/p>\n","protected":false},"excerpt":{"rendered":"<p>El presidente de Ecuador,\u00a0Daniel Noboa, nombr\u00f3 este mi\u00e9rcoles a la saliente fiscal general del Estado,\u00a0Diana Salazar, como embajadora en Argentina, despu\u00e9s de que el pleno de la Asamblea Nacional (Parlamento) aceptara su renuncia, tras seis a\u00f1os al frente del Ministerio P\u00fablico. La designaci\u00f3n de Noboa cuenta con el benepl\u00e1cito del Gobierno del presidente de Argentina, [&hellip;]<\/p>\n","protected":false},"author":1,"featured_media":12419,"comment_status":"open","ping_status":"open","sticky":false,"template":"","format":"standard","meta":{"footnotes":""},"categories":[12],"tags":[],"_links":{"self":[{"href":"https:\/\/infozamoraec.com\/index.php\/wp-json\/wp\/v2\/posts\/12418"}],"collection":[{"href":"https:\/\/infozamoraec.com\/index.php\/wp-json\/wp\/v2\/posts"}],"about":[{"href":"https:\/\/infozamoraec.com\/index.php\/wp-json\/wp\/v2\/types\/post"}],"author":[{"embeddable":true,"href":"https:\/\/infozamoraec.com\/index.php\/wp-json\/wp\/v2\/users\/1"}],"replies":[{"embeddable":true,"href":"https:\/\/infozamoraec.com\/index.php\/wp-json\/wp\/v2\/comments?post=12418"}],"version-history":[{"count":1,"href":"https:\/\/infozamoraec.com\/index.php\/wp-json\/wp\/v2\/posts\/12418\/revisions"}],"predecessor-version":[{"id":12420,"href":"https:\/\/infozamoraec.com\/index.php\/wp-json\/wp\/v2\/posts\/12418\/revisions\/12420"}],"wp:featuredmedia":[{"embeddable":true,"href":"https:\/\/infozamoraec.com\/index.php\/wp-json\/wp\/v2\/media\/12419"}],"wp:attachment":[{"href":"https:\/\/infozamoraec.com\/index.php\/wp-json\/wp\/v2\/media?parent=12418"}],"wp:term":[{"taxonomy":"category","embeddable":true,"href":"https:\/\/infozamoraec.com\/index.php\/wp-json\/wp\/v2\/categories?post=12418"},{"taxonomy":"post_tag","embeddable":true,"href":"https:\/\/infozamoraec.com\/index.php\/wp-json\/wp\/v2\/tags?post=12418"}],"curies":[{"name":"wp","href":"https:\/\/api.w.org\/{rel}","templated":true}]}}