{"id":12415,"date":"2025-05-23T02:03:21","date_gmt":"2025-05-23T02:03:21","guid":{"rendered":"https:\/\/infozamoraec.com\/?p=12415"},"modified":"2025-05-23T02:03:21","modified_gmt":"2025-05-23T02:03:21","slug":"el-expresidente-alfredo-palacio-ha-muerto","status":"publish","type":"post","link":"https:\/\/infozamoraec.com\/index.php\/2025\/05\/23\/el-expresidente-alfredo-palacio-ha-muerto\/","title":{"rendered":"El expresidente Alfredo Palacio ha muerto"},"content":{"rendered":"<p>El expresidente\u00a0<strong><a title=\"Alfredo Palacio\" href=\"https:\/\/es.wikipedia.org\/wiki\/Alfredo_Palacio\" target=\"_blank\" rel=\"noopener\">Alfredo Palacio<\/a><\/strong>, que gobern\u00f3 Ecuador desde 2005 hasta 2007, tras el derrocamiento del entonces presidente\u00a0<strong>Lucio Guti\u00e9rrez<\/strong>, ha muerto la ma\u00f1ana de este 22 de mayo, a los 86 a\u00f1os<\/p>\n<p>Palacio, un cardi\u00f3logo guayaquile\u00f1o, era\u00a0<strong>vicepresidente de la Rep\u00fablica<\/strong>\u00a0cuando el Congreso Nacional destituy\u00f3 al presidente Guti\u00e9rrez sin seguir las formalidades previstas en la Constituci\u00f3n tras un\u00a0<strong>alzamiento del movimiento ind\u00edgena y una fuerte protesta en las calles de Quito<\/strong>\u00a0por movimientos sociales que exig\u00edan su renuncia\u00a0<strong>despu\u00e9s que Guti\u00e9rrez tomara el control de la Corte Suprema de Justicia<\/strong>.<\/p>\n<p>Hijo de Alfredo Palacio Moreno, un famoso escultor guayaquile\u00f1o, Alfredo Palacio Gonz\u00e1lez, antes de que Guti\u00e9rrez lo elija como su binomio, hab\u00eda sido ministro de Salud, durante el gobierno del presidente\u00a0<strong>Sixto Dur\u00e1n Ball\u00e9n<\/strong>.<\/p>\n<p>Ya en el poder,\u00a0<strong>Palacio nombr\u00f3 ministro de Econom\u00eda a uno de los dirigente de la protesta contra Guti\u00e9rrez, un profesor de Econom\u00eda de la Universidad San Francisco, de Quito, llamado\u00a0<a title=\"Rafael Correa\" href=\"https:\/\/www.larepublica.ec\/blog\/2025\/04\/10\/verduga-dice-que-el-gran-responsable-de-todo-se-llama-rafael-correa-segun-nuevos-audios-del-caso-ligados\/\" target=\"_blank\" rel=\"noopener\">Rafael Correa<\/a><\/strong>, q quien en sus breves tres meses en que se desempe\u00f1\u00f3 como ministro elimin\u00f3 el Fondo de Estabilizaci\u00f3n de Ingresos Petroleros, FEIREP, y acerc\u00f3 al pa\u00eds al gobierno venezolano de\u00a0<strong>Hugo Ch\u00e1vez<\/strong>. Terminada el per\u00edodo de Gobierno, Palacio entreg\u00f3 el poder a Rafael Correa, quien hab\u00eda vencido en elecciones al magnate bananero\u00a0<strong>\u00c1lvaro Noboa<\/strong>, padre de actual presidente,\u00a0<strong>Daniel Noboa<\/strong>.<\/p>\n","protected":false},"excerpt":{"rendered":"<p>El expresidente\u00a0Alfredo Palacio, que gobern\u00f3 Ecuador desde 2005 hasta 2007, tras el derrocamiento del entonces presidente\u00a0Lucio Guti\u00e9rrez, ha muerto la ma\u00f1ana de este 22 de mayo, a los 86 a\u00f1os Palacio, un cardi\u00f3logo guayaquile\u00f1o, era\u00a0vicepresidente de la Rep\u00fablica\u00a0cuando el Congreso Nacional destituy\u00f3 al presidente Guti\u00e9rrez sin seguir las formalidades previstas en la Constituci\u00f3n tras un\u00a0alzamiento [&hellip;]<\/p>\n","protected":false},"author":1,"featured_media":12416,"comment_status":"open","ping_status":"open","sticky":false,"template":"","format":"standard","meta":{"footnotes":""},"categories":[12],"tags":[],"_links":{"self":[{"href":"https:\/\/infozamoraec.com\/index.php\/wp-json\/wp\/v2\/posts\/12415"}],"collection":[{"href":"https:\/\/infozamoraec.com\/index.php\/wp-json\/wp\/v2\/posts"}],"about":[{"href":"https:\/\/infozamoraec.com\/index.php\/wp-json\/wp\/v2\/types\/post"}],"author":[{"embeddable":true,"href":"https:\/\/infozamoraec.com\/index.php\/wp-json\/wp\/v2\/users\/1"}],"replies":[{"embeddable":true,"href":"https:\/\/infozamoraec.com\/index.php\/wp-json\/wp\/v2\/comments?post=12415"}],"version-history":[{"count":1,"href":"https:\/\/infozamoraec.com\/index.php\/wp-json\/wp\/v2\/posts\/12415\/revisions"}],"predecessor-version":[{"id":12417,"href":"https:\/\/infozamoraec.com\/index.php\/wp-json\/wp\/v2\/posts\/12415\/revisions\/12417"}],"wp:featuredmedia":[{"embeddable":true,"href":"https:\/\/infozamoraec.com\/index.php\/wp-json\/wp\/v2\/media\/12416"}],"wp:attachment":[{"href":"https:\/\/infozamoraec.com\/index.php\/wp-json\/wp\/v2\/media?parent=12415"}],"wp:term":[{"taxonomy":"category","embeddable":true,"href":"https:\/\/infozamoraec.com\/index.php\/wp-json\/wp\/v2\/categories?post=12415"},{"taxonomy":"post_tag","embeddable":true,"href":"https:\/\/infozamoraec.com\/index.php\/wp-json\/wp\/v2\/tags?post=12415"}],"curies":[{"name":"wp","href":"https:\/\/api.w.org\/{rel}","templated":true}]}}