{"id":12389,"date":"2025-05-22T01:21:12","date_gmt":"2025-05-22T01:21:12","guid":{"rendered":"https:\/\/infozamoraec.com\/?p=12389"},"modified":"2025-05-22T01:21:12","modified_gmt":"2025-05-22T01:21:12","slug":"mas-de-1-000-uniformados-custodiaran-la-posesion-presidencial-de-daniel-noboa-este-sabado-24-de-mayo","status":"publish","type":"post","link":"https:\/\/infozamoraec.com\/index.php\/2025\/05\/22\/mas-de-1-000-uniformados-custodiaran-la-posesion-presidencial-de-daniel-noboa-este-sabado-24-de-mayo\/","title":{"rendered":"M\u00e1s de 1.000 uniformados custodiar\u00e1n la posesi\u00f3n presidencial de Daniel Noboa este s\u00e1bado 24 de mayo"},"content":{"rendered":"<p><strong>M\u00e1s de 1.000 efectivos de la Polic\u00eda Nacional participar\u00e1n en el operativo de seguridad<\/strong>\u00a0previsto para la ceremonia de posesi\u00f3n de Daniel Noboa Az\u00edn y Mar\u00eda Jos\u00e9 Pinto Gonz\u00e1lez-Artigas, presidente y vicepresidenta electos, que se realizar\u00e1 este s\u00e1bado, 24 de mayo, en el sal\u00f3n plenario Nela Mart\u00ednez de la Asamblea Nacional, en Quito.<\/p>\n<p>El jefe de la escolta legislativa,\u00a0<strong>coronel Roberto Santamar\u00eda<\/strong>, inform\u00f3 que se desplegar\u00e1n tres c\u00edrculos de seguridad a cargo de la Polic\u00eda Nacional, dentro y fuera del Palacio Legislativo, y un cuarto anillo en las inmediaciones del parque El Arbolito, bajo responsabilidad del Distrito Metropolitano de Quito.<\/p>\n<p>Adem\u00e1s,\u00a0<strong>se realizar\u00e1n controles electr\u00f3nicos, revisi\u00f3n de explosivos y operativos de inteligencia<\/strong>\u00a0desde el viernes, 23 de mayo, cuando empezar\u00e1 el cierre vial a partir de las 00:00.<\/p>\n<p>El dispositivo incluye 40 c\u00e1psulas de seguridad para delegaciones extranjeras, entre ellas algunas de rango presidencial o vicepresidencial, coordinadas con la Canciller\u00eda. Las autoridades comenzar\u00e1n a llegar al recinto desde las 07:00 del s\u00e1bado, y el acto oficial est\u00e1 previsto entre las 10:00 y las 14:00.<\/p>\n<p>Seg\u00fan Santamar\u00eda, tambi\u00e9n\u00a0<strong>habr\u00e1 presencia de las Fuerzas Armadas (FF.AA.) para un acto castrense<\/strong>\u00a0y el acompa\u00f1amiento en el ingreso protocolar de autoridades, aunque la responsabilidad del control interno corresponde exclusivamente a la Polic\u00eda Nacional.<\/p>\n<p>La posesi\u00f3n de Noboa se dar\u00e1 ese d\u00eda en cumplimiento del art\u00edculo 120 de la Constituci\u00f3n, que fija el 24 de mayo del a\u00f1o de la elecci\u00f3n como fecha oficial de inicio del mandato presidencial.<\/p>\n<p>\u201cArt. 120.- La Asamblea Nacional tendr\u00e1 las siguientes atribuciones y deberes, adem\u00e1s de las que determine la ley: posesionar a la presidenta o presidente y a la vicepresidenta o vicepresidente de la Rep\u00fablica proclamados electos por el Consejo Nacional Electoral. La posesi\u00f3n tendr\u00e1 lugar el veinticuatro de mayo del a\u00f1o de su elecci\u00f3n\u201d.<\/p>\n<p><strong>El jefe de Estado ejercer\u00e1 un periodo completo de cuatro a\u00f1os,\u00a0<\/strong>tras haber sido electo en noviembre de 2023 para completar los 18 meses restantes que dej\u00f3 el expresidente Guillermo Lasso, luego de implementar la \u201cmuerte cruzada\u201d.<\/p>\n","protected":false},"excerpt":{"rendered":"<p>M\u00e1s de 1.000 efectivos de la Polic\u00eda Nacional participar\u00e1n en el operativo de seguridad\u00a0previsto para la ceremonia de posesi\u00f3n de Daniel Noboa Az\u00edn y Mar\u00eda Jos\u00e9 Pinto Gonz\u00e1lez-Artigas, presidente y vicepresidenta electos, que se realizar\u00e1 este s\u00e1bado, 24 de mayo, en el sal\u00f3n plenario Nela Mart\u00ednez de la Asamblea Nacional, en Quito. El jefe de [&hellip;]<\/p>\n","protected":false},"author":1,"featured_media":12390,"comment_status":"open","ping_status":"open","sticky":false,"template":"","format":"standard","meta":{"footnotes":""},"categories":[12],"tags":[],"_links":{"self":[{"href":"https:\/\/infozamoraec.com\/index.php\/wp-json\/wp\/v2\/posts\/12389"}],"collection":[{"href":"https:\/\/infozamoraec.com\/index.php\/wp-json\/wp\/v2\/posts"}],"about":[{"href":"https:\/\/infozamoraec.com\/index.php\/wp-json\/wp\/v2\/types\/post"}],"author":[{"embeddable":true,"href":"https:\/\/infozamoraec.com\/index.php\/wp-json\/wp\/v2\/users\/1"}],"replies":[{"embeddable":true,"href":"https:\/\/infozamoraec.com\/index.php\/wp-json\/wp\/v2\/comments?post=12389"}],"version-history":[{"count":1,"href":"https:\/\/infozamoraec.com\/index.php\/wp-json\/wp\/v2\/posts\/12389\/revisions"}],"predecessor-version":[{"id":12391,"href":"https:\/\/infozamoraec.com\/index.php\/wp-json\/wp\/v2\/posts\/12389\/revisions\/12391"}],"wp:featuredmedia":[{"embeddable":true,"href":"https:\/\/infozamoraec.com\/index.php\/wp-json\/wp\/v2\/media\/12390"}],"wp:attachment":[{"href":"https:\/\/infozamoraec.com\/index.php\/wp-json\/wp\/v2\/media?parent=12389"}],"wp:term":[{"taxonomy":"category","embeddable":true,"href":"https:\/\/infozamoraec.com\/index.php\/wp-json\/wp\/v2\/categories?post=12389"},{"taxonomy":"post_tag","embeddable":true,"href":"https:\/\/infozamoraec.com\/index.php\/wp-json\/wp\/v2\/tags?post=12389"}],"curies":[{"name":"wp","href":"https:\/\/api.w.org\/{rel}","templated":true}]}}