{"id":12368,"date":"2025-05-22T00:54:21","date_gmt":"2025-05-22T00:54:21","guid":{"rendered":"https:\/\/infozamoraec.com\/?p=12368"},"modified":"2025-05-22T00:54:21","modified_gmt":"2025-05-22T00:54:21","slug":"chats-del-telefono-de-franco-loor-revela-plan-para-anular-sentencias","status":"publish","type":"post","link":"https:\/\/infozamoraec.com\/index.php\/2025\/05\/22\/chats-del-telefono-de-franco-loor-revela-plan-para-anular-sentencias\/","title":{"rendered":"Chats del tel\u00e9fono de Franco Loor revela plan para anular sentencias"},"content":{"rendered":"<p>La Fiscal\u00eda General del Estado ya tiene en su poder los chats del celular del exconsejero de Participaci\u00f3n Ciudadana y Control Social y exabogado de Jorge Glas, Eduardo Franco Loor. All\u00ed se revela un plan del corre\u00edsmo para anular sentencias de sus l\u00edderes Rafael Correa y el propio Glas.<\/p>\n<p>Se llogr\u00f3 desencriptar m\u00e1s de 9 mil mensajes entre los que se hall\u00f3 mensajes entre Franco Loor y sus coidearios de la Revoluci\u00f3n Ciudadana como Galo Chiriboga, Pierina Correa, Alembert Vera, Sof\u00eda Esp\u00edn, Vielka P\u00e1rraga, Santiago D\u00edaz, entre otros.<\/p>\n<p>En junio de 2020, el ex abogado de Glas intercambi\u00f3 mensajes con Pierina Correa, hermana del expresidente Rafael Correa y exasamble\u00edsta del corre\u00edsmo, sobre el panorama electoral en el pa\u00eds.<\/p>\n<p>Franco Loor se opuso a la candidatura de Carlos Rabascall, sin embargo un a\u00f1o despu\u00e9s Rabascall fue candidato a la Vicepresidencia por la RC.<\/p>\n<p>Eduardo Franco Loor: \u00abHay una danza de ambiciosos por ser candidatos. Lo que m\u00e1s me duele es que muchos, en\u00a0el fondo, desean que a Rafael lo sentencien\u00bb, escrib\u00eda el que para entonces todav\u00eda era abogado de Glas semanas antes de que se ratificara la sentencia contra Rafael Correa por el caso Sobornos.<\/p>\n<p>Pierina Correa: \u00abEs que les conviene. RC fuera del pais o tras rejas. Igual que Glas. As\u00ed no les es\u00a0competencia y pueden aspirar a ser candidatos\u00bb.<\/p>\n<p>Franco Loor cierra el chat: \u00ab\u00bfC\u00f3mo anulamos la sentencia contra Glas y posiblemente contra la sentencia contra\u00a0Rafael sino a trav\u00e9s de una Asamblea Constituyente?\u00bb.<\/p>\n","protected":false},"excerpt":{"rendered":"<p>La Fiscal\u00eda General del Estado ya tiene en su poder los chats del celular del exconsejero de Participaci\u00f3n Ciudadana y Control Social y exabogado de Jorge Glas, Eduardo Franco Loor. All\u00ed se revela un plan del corre\u00edsmo para anular sentencias de sus l\u00edderes Rafael Correa y el propio Glas. Se llogr\u00f3 desencriptar m\u00e1s de 9 [&hellip;]<\/p>\n","protected":false},"author":1,"featured_media":12369,"comment_status":"open","ping_status":"open","sticky":false,"template":"","format":"standard","meta":{"footnotes":""},"categories":[12],"tags":[],"_links":{"self":[{"href":"https:\/\/infozamoraec.com\/index.php\/wp-json\/wp\/v2\/posts\/12368"}],"collection":[{"href":"https:\/\/infozamoraec.com\/index.php\/wp-json\/wp\/v2\/posts"}],"about":[{"href":"https:\/\/infozamoraec.com\/index.php\/wp-json\/wp\/v2\/types\/post"}],"author":[{"embeddable":true,"href":"https:\/\/infozamoraec.com\/index.php\/wp-json\/wp\/v2\/users\/1"}],"replies":[{"embeddable":true,"href":"https:\/\/infozamoraec.com\/index.php\/wp-json\/wp\/v2\/comments?post=12368"}],"version-history":[{"count":1,"href":"https:\/\/infozamoraec.com\/index.php\/wp-json\/wp\/v2\/posts\/12368\/revisions"}],"predecessor-version":[{"id":12370,"href":"https:\/\/infozamoraec.com\/index.php\/wp-json\/wp\/v2\/posts\/12368\/revisions\/12370"}],"wp:featuredmedia":[{"embeddable":true,"href":"https:\/\/infozamoraec.com\/index.php\/wp-json\/wp\/v2\/media\/12369"}],"wp:attachment":[{"href":"https:\/\/infozamoraec.com\/index.php\/wp-json\/wp\/v2\/media?parent=12368"}],"wp:term":[{"taxonomy":"category","embeddable":true,"href":"https:\/\/infozamoraec.com\/index.php\/wp-json\/wp\/v2\/categories?post=12368"},{"taxonomy":"post_tag","embeddable":true,"href":"https:\/\/infozamoraec.com\/index.php\/wp-json\/wp\/v2\/tags?post=12368"}],"curies":[{"name":"wp","href":"https:\/\/api.w.org\/{rel}","templated":true}]}}