{"id":12365,"date":"2025-05-22T00:51:57","date_gmt":"2025-05-22T00:51:57","guid":{"rendered":"https:\/\/infozamoraec.com\/?p=12365"},"modified":"2025-05-22T00:51:57","modified_gmt":"2025-05-22T00:51:57","slug":"asamblea-aprueba-salida-de-fiscal-diana-salazar-y-noboa-la-nombra-embajadora-en-argentina","status":"publish","type":"post","link":"https:\/\/infozamoraec.com\/index.php\/2025\/05\/22\/asamblea-aprueba-salida-de-fiscal-diana-salazar-y-noboa-la-nombra-embajadora-en-argentina\/","title":{"rendered":"Asamblea aprueba salida de fiscal Diana Salazar y Noboa la nombra embajadora en Argentina"},"content":{"rendered":"<p>Con 136 votos, por unanimidad, el\u00a0<strong><a title=\"\" href=\"https:\/\/x.com\/AsambleaEcuador\" target=\"_blank\">Pleno de la Asamblea Nacional<\/a><\/strong>\u00a0acept\u00f3 este mi\u00e9rcoles, 21 de mayo, en Quito, la renuncia de la fiscal general del Estado,\u00a0<strong><a title=\"\" href=\"https:\/\/www.larepublica.ec\/blog\/2025\/05\/21\/gobierno-renombra-proyecto-de-noboa-a-ley-de-solidaridad-nacional\/\" target=\"_blank\" rel=\"noopener\">Diana Salazar<\/a><\/strong>, quien desempe\u00f1\u00f3 el cargo alrededor de seis a\u00f1os.<\/p>\n<p>Sin permitir un debate, el presidente del Legislativo,\u00a0<strong>Niels Olsen<\/strong>, orden\u00f3 al Parlamento sufragar directamente sobre la resoluci\u00f3n presentada por su compa\u00f1ero de bancada,\u00a0<strong>Andr\u00e9s Castillo<\/strong>, para oficializar la aceptaci\u00f3n de la salida de\u00a0<strong>Salazar.<\/strong><\/p>\n<p>Durante la tercera sesi\u00f3n,\u00a0<strong>Castillo<\/strong>\u00a0expres\u00f3 su reconocimiento a\u00a0<strong>Salazar<\/strong>\u00a0por su gesti\u00f3n de seis a\u00f1os al frente de la\u00a0<strong>Fiscal\u00eda.<\/strong>\u00a0Adem\u00e1s, lanz\u00f3 indirectas al corre\u00edsmo, por ejemplo: las investigaciones de alto perfil como:\u00a0<strong>Reconstrucci\u00f3n de Manab\u00ed,<\/strong>\u00a0<strong>Met\u00e1stasis, Purga y Plaga,\u00a0<\/strong>que evidenciaron la infiltraci\u00f3n del crimen organizado en el sistema judicial.<\/p>\n<p><strong>Olsen<\/strong>\u00a0concedi\u00f3 la palabra \u00fanicamente a\u00a0<strong>Castillo<\/strong>\u00a0antes de cerrar el debate, lo que provoc\u00f3 incomodidad entre los parlamentarios corre\u00edstas. Tras la aceptaci\u00f3n formal de la renuncia, la Asamblea notificar\u00e1 al Consejo de Participaci\u00f3n Ciudadana y Control Social (CPCCS), instituci\u00f3n p\u00fablica responsable de convocar el proceso para designar al nuevo Fiscal General del Estado.<\/p>\n<figure class=\"wp-block-image size-large\"><figcaption class=\"wp-element-caption\">Niels Olsen, presidente de la nueva Asamblea Nacional, en Quito, este mi\u00e9rcoles, 21 de mayo de 2025. Foto extra\u00edda de la cuenta del Parlamento en X.<\/figcaption><\/figure>\n<p>Hasta que se nombre un reemplazo definitivo,\u00a0<strong>Wilson Toainga<\/strong>\u00a0continuar\u00e1 al mando de la Fiscal\u00eda, asumiendo los casos:\u00a0<strong>Reconstrucci\u00f3n de Manab\u00ed, Ligados y dem\u00e1s.<\/strong><\/p>\n<h2 class=\"wp-block-heading\">Salazar, elegida embajadora en Argentina<\/h2>\n<p>No obstante, con el Decreto Ejecutivo N.- 634,\u00a0<strong>Noboa<\/strong>\u00a0nombr\u00f3 a\u00a0<strong>Salazar\u00a0<\/strong>como\u00a0<strong>embajadora extraordinaria y plenipotenciaria de la Rep\u00fablica del Ecuador ante el gobierno de Argentina.<\/strong><\/p>\n<figure class=\"wp-block-embed is-type-rich is-provider-twitter wp-block-embed-twitter\">\n<div class=\"wp-block-embed__wrapper\"><\/div>\n<\/figure>\n","protected":false},"excerpt":{"rendered":"<p>Con 136 votos, por unanimidad, el\u00a0Pleno de la Asamblea Nacional\u00a0acept\u00f3 este mi\u00e9rcoles, 21 de mayo, en Quito, la renuncia de la fiscal general del Estado,\u00a0Diana Salazar, quien desempe\u00f1\u00f3 el cargo alrededor de seis a\u00f1os. Sin permitir un debate, el presidente del Legislativo,\u00a0Niels Olsen, orden\u00f3 al Parlamento sufragar directamente sobre la resoluci\u00f3n presentada por su compa\u00f1ero [&hellip;]<\/p>\n","protected":false},"author":1,"featured_media":12366,"comment_status":"open","ping_status":"open","sticky":false,"template":"","format":"standard","meta":{"footnotes":""},"categories":[12],"tags":[],"_links":{"self":[{"href":"https:\/\/infozamoraec.com\/index.php\/wp-json\/wp\/v2\/posts\/12365"}],"collection":[{"href":"https:\/\/infozamoraec.com\/index.php\/wp-json\/wp\/v2\/posts"}],"about":[{"href":"https:\/\/infozamoraec.com\/index.php\/wp-json\/wp\/v2\/types\/post"}],"author":[{"embeddable":true,"href":"https:\/\/infozamoraec.com\/index.php\/wp-json\/wp\/v2\/users\/1"}],"replies":[{"embeddable":true,"href":"https:\/\/infozamoraec.com\/index.php\/wp-json\/wp\/v2\/comments?post=12365"}],"version-history":[{"count":1,"href":"https:\/\/infozamoraec.com\/index.php\/wp-json\/wp\/v2\/posts\/12365\/revisions"}],"predecessor-version":[{"id":12367,"href":"https:\/\/infozamoraec.com\/index.php\/wp-json\/wp\/v2\/posts\/12365\/revisions\/12367"}],"wp:featuredmedia":[{"embeddable":true,"href":"https:\/\/infozamoraec.com\/index.php\/wp-json\/wp\/v2\/media\/12366"}],"wp:attachment":[{"href":"https:\/\/infozamoraec.com\/index.php\/wp-json\/wp\/v2\/media?parent=12365"}],"wp:term":[{"taxonomy":"category","embeddable":true,"href":"https:\/\/infozamoraec.com\/index.php\/wp-json\/wp\/v2\/categories?post=12365"},{"taxonomy":"post_tag","embeddable":true,"href":"https:\/\/infozamoraec.com\/index.php\/wp-json\/wp\/v2\/tags?post=12365"}],"curies":[{"name":"wp","href":"https:\/\/api.w.org\/{rel}","templated":true}]}}