{"id":12355,"date":"2025-05-22T00:35:18","date_gmt":"2025-05-22T00:35:18","guid":{"rendered":"https:\/\/infozamoraec.com\/?p=12355"},"modified":"2025-05-22T00:35:18","modified_gmt":"2025-05-22T00:35:18","slug":"secretaria-tecnica-amazonica-financia-asfalto-de-calles-en-tundayme","status":"publish","type":"post","link":"https:\/\/infozamoraec.com\/index.php\/2025\/05\/22\/secretaria-tecnica-amazonica-financia-asfalto-de-calles-en-tundayme\/","title":{"rendered":"Secretar\u00eda T\u00e9cnica Amaz\u00f3nica financia asfalto de  calles en Tundayme"},"content":{"rendered":"<p data-start=\"0\" data-end=\"108\">\n<p data-start=\"110\" data-end=\"492\"><em data-start=\"110\" data-end=\"141\">El Pangui, 21 de mayo de 2025<\/em> \u2013 El anhelo de los habitantes de la parroquia <strong data-start=\"188\" data-end=\"200\">Tundayme<\/strong>, en el cant\u00f3n <strong data-start=\"215\" data-end=\"228\">El Pangui<\/strong>, de contar con <strong data-start=\"244\" data-end=\"290\">calles asfaltadas y libres de polvo y lodo<\/strong>, est\u00e1 a punto de concretarse. Gracias a las gestiones del alcalde <strong data-start=\"357\" data-end=\"374\">Jairo Herrera<\/strong>, el proyecto de <strong data-start=\"391\" data-end=\"430\">construcci\u00f3n de asfalto y bordillos<\/strong> en varias calles de la cabecera parroquial ser\u00e1 una realidad.<\/p>\n<p data-start=\"494\" data-end=\"745\">La obra ser\u00e1 financiada con <strong data-start=\"522\" data-end=\"542\">USD 1\u2019365.694,71<\/strong>, monto proveniente del <strong data-start=\"566\" data-end=\"623\">Fondo Com\u00fan de la Secretar\u00eda T\u00e9cnica Amaz\u00f3nica (CTEA)<\/strong>, recursos no reembolsables destinados a <strong data-start=\"664\" data-end=\"695\">2.1 kil\u00f3metros de asfaltado<\/strong>, beneficiando directamente a cientos de familias.<\/p>\n<p data-start=\"747\" data-end=\"994\">Durante el anuncio oficial, el alcalde Herrera se mostr\u00f3 visiblemente emocionado y destac\u00f3 el respaldo del presidente del Consejo de la Amazon\u00eda, <strong data-start=\"893\" data-end=\"910\">Luis Huilcapi<\/strong>, por priorizar este tipo de proyectos que impulsan el desarrollo vial en la regi\u00f3n.<\/p>\n<blockquote data-start=\"996\" data-end=\"1324\">\n<p data-start=\"998\" data-end=\"1324\">\u201cLa Orqu\u00eddea de la Amazon\u00eda ha sido uno de los cuatro cantones beneficiados con este tipo de financiamiento en toda la provincia. De 26 proyectos aprobados para la Amazon\u00eda, el nuestro es uno de ellos. Gracias al presidente Daniel Noboa Azin por dar a los cantones amaz\u00f3nicos la atenci\u00f3n que merecen\u201d, expres\u00f3 el burgomaestre.<\/p>\n<\/blockquote>\n<p data-start=\"1326\" data-end=\"1581\">En su intervenci\u00f3n, tambi\u00e9n resalt\u00f3 el avance de otras obras emblem\u00e1ticas como el <strong data-start=\"1408\" data-end=\"1446\">puente sobre la quebrada Cayamatza<\/strong>, que supera el <strong data-start=\"1462\" data-end=\"1482\">70% de ejecuci\u00f3n<\/strong>, y el <strong data-start=\"1489\" data-end=\"1525\">asfaltado de calles en El Pangui<\/strong>, como parte de la primera etapa de mejoramiento urbano.<\/p>\n<p data-start=\"1583\" data-end=\"1763\">Finalmente, reafirm\u00f3 el compromiso de su administraci\u00f3n con la gesti\u00f3n continua de recursos y proyectos para <strong data-start=\"1692\" data-end=\"1762\">transformar el cant\u00f3n y mejorar la calidad de vida de su poblaci\u00f3n<\/strong>.<\/p>\n<blockquote data-start=\"1765\" data-end=\"1878\" data-is-last-node=\"\" data-is-only-node=\"\">\n<p data-start=\"1767\" data-end=\"1878\" data-is-last-node=\"\">\u201cSeguiremos trabajando, porque estamos comprometidos con nuestro cant\u00f3n y con nuestra gente\u201d, concluy\u00f3 Herrera.<\/p>\n<\/blockquote>\n","protected":false},"excerpt":{"rendered":"<p>El Pangui, 21 de mayo de 2025 \u2013 El anhelo de los habitantes de la parroquia Tundayme, en el cant\u00f3n El Pangui, de contar con calles asfaltadas y libres de polvo y lodo, est\u00e1 a punto de concretarse. Gracias a las gestiones del alcalde Jairo Herrera, el proyecto de construcci\u00f3n de asfalto y bordillos en [&hellip;]<\/p>\n","protected":false},"author":1,"featured_media":12356,"comment_status":"open","ping_status":"open","sticky":false,"template":"","format":"standard","meta":{"footnotes":""},"categories":[9],"tags":[],"_links":{"self":[{"href":"https:\/\/infozamoraec.com\/index.php\/wp-json\/wp\/v2\/posts\/12355"}],"collection":[{"href":"https:\/\/infozamoraec.com\/index.php\/wp-json\/wp\/v2\/posts"}],"about":[{"href":"https:\/\/infozamoraec.com\/index.php\/wp-json\/wp\/v2\/types\/post"}],"author":[{"embeddable":true,"href":"https:\/\/infozamoraec.com\/index.php\/wp-json\/wp\/v2\/users\/1"}],"replies":[{"embeddable":true,"href":"https:\/\/infozamoraec.com\/index.php\/wp-json\/wp\/v2\/comments?post=12355"}],"version-history":[{"count":2,"href":"https:\/\/infozamoraec.com\/index.php\/wp-json\/wp\/v2\/posts\/12355\/revisions"}],"predecessor-version":[{"id":12358,"href":"https:\/\/infozamoraec.com\/index.php\/wp-json\/wp\/v2\/posts\/12355\/revisions\/12358"}],"wp:featuredmedia":[{"embeddable":true,"href":"https:\/\/infozamoraec.com\/index.php\/wp-json\/wp\/v2\/media\/12356"}],"wp:attachment":[{"href":"https:\/\/infozamoraec.com\/index.php\/wp-json\/wp\/v2\/media?parent=12355"}],"wp:term":[{"taxonomy":"category","embeddable":true,"href":"https:\/\/infozamoraec.com\/index.php\/wp-json\/wp\/v2\/categories?post=12355"},{"taxonomy":"post_tag","embeddable":true,"href":"https:\/\/infozamoraec.com\/index.php\/wp-json\/wp\/v2\/tags?post=12355"}],"curies":[{"name":"wp","href":"https:\/\/api.w.org\/{rel}","templated":true}]}}