{"id":12336,"date":"2025-05-21T01:46:10","date_gmt":"2025-05-21T01:46:10","guid":{"rendered":"https:\/\/infozamoraec.com\/?p=12336"},"modified":"2025-05-21T01:46:10","modified_gmt":"2025-05-21T01:46:10","slug":"reforestan-microcuenca-de-agua-en-palanda-con-siembra-de-200-arboles-nativos","status":"publish","type":"post","link":"https:\/\/infozamoraec.com\/index.php\/2025\/05\/21\/reforestan-microcuenca-de-agua-en-palanda-con-siembra-de-200-arboles-nativos\/","title":{"rendered":"Reforestan microcuenca de agua en Palanda con siembra de 200 \u00e1rboles nativos"},"content":{"rendered":"<p class=\"\" data-start=\"82\" data-end=\"572\">En una acci\u00f3n coordinada a favor del medio ambiente y la conservaci\u00f3n del recurso h\u00eddrico, el <strong data-start=\"208\" data-end=\"272\">Gobierno Aut\u00f3nomo Descentralizado (GAD) Municipal de Palanda<\/strong>, en colaboraci\u00f3n con el <strong data-start=\"297\" data-end=\"340\">GAD Parroquial San Francisco del Vergel<\/strong>, la <strong data-start=\"345\" data-end=\"367\">Fundaci\u00f3n Jocotoco<\/strong>, fundaci\u00f3n\u00a0 <strong data-start=\"369\" data-end=\"407\">Naturaleza y Cultura Internacional<\/strong>, fundaci\u00f3n <strong data-start=\"409\" data-end=\"425\">Protos Andes<\/strong> y la comunidad del <strong data-start=\"445\" data-end=\"463\" data-is-only-node=\"\">barrio Bolivia<\/strong>, realizaron una exitosa <strong data-start=\"488\" data-end=\"516\">jornada de reforestaci\u00f3n<\/strong> en la microcuenca de captaci\u00f3n de agua de dicho sector.<\/p>\n<p class=\"\" data-start=\"574\" data-end=\"939\">Durante la actividad se <strong data-start=\"598\" data-end=\"646\">plantaron 200 \u00e1rboles de especies maderables<\/strong> en un \u00e1rea de <strong data-start=\"661\" data-end=\"678\">0,4 hect\u00e1reas<\/strong>, con el objetivo de <strong data-start=\"699\" data-end=\"729\">proteger la fuente de agua<\/strong>, <strong data-start=\"731\" data-end=\"780\">garantizar servicios ecosist\u00e9micos esenciales<\/strong> y <strong data-start=\"783\" data-end=\"838\">contribuir a la captura de di\u00f3xido de carbono (CO\u2082)<\/strong>, reforzando as\u00ed los compromisos locales con la sostenibilidad y la lucha contra el cambio clim\u00e1tico.<\/p>\n<p class=\"\" data-start=\"941\" data-end=\"1160\">Adem\u00e1s, se ejecut\u00f3 el <strong data-start=\"963\" data-end=\"995\">cercado del \u00e1rea reforestada<\/strong> mediante la instalaci\u00f3n de <strong data-start=\"1023\" data-end=\"1073\">postes de pl\u00e1stico reciclado y alambre de p\u00faas<\/strong>, lo que asegurar\u00e1 la conservaci\u00f3n y el desarrollo saludable de las especies sembradas.<\/p>\n<p class=\"\" data-start=\"1162\" data-end=\"1395\">Este esfuerzo interinstitucional se enmarca en las pol\u00edticas locales de <strong data-start=\"1234\" data-end=\"1283\">gesti\u00f3n ambiental y participaci\u00f3n comunitaria<\/strong>, destacando la importancia del <strong data-start=\"1315\" data-end=\"1394\">trabajo conjunto entre autoridades, organizaciones ambientales y ciudadan\u00eda<\/strong>.<\/p>\n<blockquote data-start=\"1397\" data-end=\"1606\">\n<p class=\"\" data-start=\"1399\" data-end=\"1606\">\u201cEstas acciones son una muestra del compromiso que compartimos por el cuidado del entorno y la protecci\u00f3n del agua, recurso vital para todos\u201d, expresaron representantes del GAD de Palanda durante la jornada.<\/p>\n<\/blockquote>\n<p class=\"\" data-start=\"1608\" data-end=\"1826\">Con este tipo de iniciativas, Palanda contin\u00faa liderando buenas pr\u00e1cticas de conservaci\u00f3n en la provincia de Zamora Chinchipe, proyectando un modelo de desarrollo sostenible con participaci\u00f3n activa de sus comunidades.<\/p>\n","protected":false},"excerpt":{"rendered":"<p>En una acci\u00f3n coordinada a favor del medio ambiente y la conservaci\u00f3n del recurso h\u00eddrico, el Gobierno Aut\u00f3nomo Descentralizado (GAD) Municipal de Palanda, en colaboraci\u00f3n con el GAD Parroquial San Francisco del Vergel, la Fundaci\u00f3n Jocotoco, fundaci\u00f3n\u00a0 Naturaleza y Cultura Internacional, fundaci\u00f3n Protos Andes y la comunidad del barrio Bolivia, realizaron una exitosa jornada de [&hellip;]<\/p>\n","protected":false},"author":1,"featured_media":12337,"comment_status":"open","ping_status":"open","sticky":false,"template":"","format":"standard","meta":{"footnotes":""},"categories":[9],"tags":[],"_links":{"self":[{"href":"https:\/\/infozamoraec.com\/index.php\/wp-json\/wp\/v2\/posts\/12336"}],"collection":[{"href":"https:\/\/infozamoraec.com\/index.php\/wp-json\/wp\/v2\/posts"}],"about":[{"href":"https:\/\/infozamoraec.com\/index.php\/wp-json\/wp\/v2\/types\/post"}],"author":[{"embeddable":true,"href":"https:\/\/infozamoraec.com\/index.php\/wp-json\/wp\/v2\/users\/1"}],"replies":[{"embeddable":true,"href":"https:\/\/infozamoraec.com\/index.php\/wp-json\/wp\/v2\/comments?post=12336"}],"version-history":[{"count":1,"href":"https:\/\/infozamoraec.com\/index.php\/wp-json\/wp\/v2\/posts\/12336\/revisions"}],"predecessor-version":[{"id":12338,"href":"https:\/\/infozamoraec.com\/index.php\/wp-json\/wp\/v2\/posts\/12336\/revisions\/12338"}],"wp:featuredmedia":[{"embeddable":true,"href":"https:\/\/infozamoraec.com\/index.php\/wp-json\/wp\/v2\/media\/12337"}],"wp:attachment":[{"href":"https:\/\/infozamoraec.com\/index.php\/wp-json\/wp\/v2\/media?parent=12336"}],"wp:term":[{"taxonomy":"category","embeddable":true,"href":"https:\/\/infozamoraec.com\/index.php\/wp-json\/wp\/v2\/categories?post=12336"},{"taxonomy":"post_tag","embeddable":true,"href":"https:\/\/infozamoraec.com\/index.php\/wp-json\/wp\/v2\/tags?post=12336"}],"curies":[{"name":"wp","href":"https:\/\/api.w.org\/{rel}","templated":true}]}}