{"id":12332,"date":"2025-05-21T01:40:31","date_gmt":"2025-05-21T01:40:31","guid":{"rendered":"https:\/\/infozamoraec.com\/?p=12332"},"modified":"2025-05-21T01:40:31","modified_gmt":"2025-05-21T01:40:31","slug":"mas-de-10-millones-del-fondo-comun-impulsan-obras-estrategicas-en-zamora-chinchipe","status":"publish","type":"post","link":"https:\/\/infozamoraec.com\/index.php\/2025\/05\/21\/mas-de-10-millones-del-fondo-comun-impulsan-obras-estrategicas-en-zamora-chinchipe\/","title":{"rendered":"M\u00e1s de $10 millones del Fondo Com\u00fan impulsan obras estrat\u00e9gicas en Zamora Chinchipe"},"content":{"rendered":"<p class=\"\" data-start=\"89\" data-end=\"408\">\u00a0La <strong data-start=\"133\" data-end=\"176\">Secretar\u00eda T\u00e9cnica de la Amazon\u00eda (STA), este 20 de mayo,<\/strong> anunci\u00f3 una inversi\u00f3n superior a los <strong data-start=\"214\" data-end=\"230\">$10 millones<\/strong> provenientes del <strong data-start=\"248\" data-end=\"279\">Fondo Com\u00fan Amaz\u00f3nico (FCA)<\/strong>, destinados a <strong data-start=\"294\" data-end=\"345\">cuatro importantes proyectos de infraestructura<\/strong> en distintos cantones de la provincia de <strong data-start=\"387\" data-end=\"407\">Zamora Chinchipe<\/strong>.<\/p>\n<p class=\"\" data-start=\"410\" data-end=\"651\">Esta asignaci\u00f3n de recursos no reembolsables responde al compromiso del Gobierno Nacional, liderado por el presidente <strong data-start=\"528\" data-end=\"549\">Daniel Noboa Azin<\/strong>, con el <strong data-start=\"558\" data-end=\"598\">desarrollo sostenible de la Amazon\u00eda<\/strong> y la mejora de la calidad de vida de sus habitantes.<\/p>\n<h3 class=\"\" data-start=\"653\" data-end=\"679\">Proyectos financiados:<\/h3>\n<ul data-start=\"681\" data-end=\"1324\">\n<li class=\"\" data-start=\"681\" data-end=\"839\">\n<p class=\"\" data-start=\"683\" data-end=\"839\"><strong data-start=\"683\" data-end=\"717\">Saneamiento ambiental en Zumbi<\/strong> \u2013 Primera etapa del proyecto que beneficiar\u00e1 al cant\u00f3n <strong data-start=\"773\" data-end=\"797\">Centinela del C\u00f3ndor<\/strong> con una inversi\u00f3n de <strong data-start=\"819\" data-end=\"836\">$2\u2019376.785,44<\/strong>.<\/p>\n<\/li>\n<li class=\"\" data-start=\"840\" data-end=\"1008\">\n<p class=\"\" data-start=\"842\" data-end=\"1008\"><strong data-start=\"842\" data-end=\"889\">Construcci\u00f3n de asfalto, aceras y bordillos<\/strong> en varias calles de la cabecera parroquial de <strong data-start=\"936\" data-end=\"948\">Tundayme<\/strong>, cant\u00f3n <strong data-start=\"957\" data-end=\"970\">El Pangui<\/strong>, por un valor de <strong data-start=\"988\" data-end=\"1005\">$1\u2019365.694,71<\/strong>.<\/p>\n<\/li>\n<li class=\"\" data-start=\"1009\" data-end=\"1173\">\n<p class=\"\" data-start=\"1011\" data-end=\"1173\"><strong data-start=\"1011\" data-end=\"1043\">Apertura y mejoramiento vial<\/strong> en el barrio <strong data-start=\"1057\" data-end=\"1078\">H\u00e9roes del C\u00f3ndor<\/strong>, parroquia <strong data-start=\"1090\" data-end=\"1107\">Nuevo Para\u00edso<\/strong>, cant\u00f3n <strong data-start=\"1116\" data-end=\"1130\">Nangaritza<\/strong>, con una inversi\u00f3n de <strong data-start=\"1153\" data-end=\"1170\">$1\u2019854.313,06<\/strong>.<\/p>\n<\/li>\n<li class=\"\" data-start=\"1174\" data-end=\"1324\">\n<p class=\"\" data-start=\"1176\" data-end=\"1324\"><strong data-start=\"1176\" data-end=\"1247\">Construcci\u00f3n del sistema de conectividad vial V\u00edctor Reyes C\u00e1rdenas<\/strong> en la parroquia y cant\u00f3n <strong data-start=\"1273\" data-end=\"1283\">Zamora<\/strong>, con una inversi\u00f3n de <strong data-start=\"1306\" data-end=\"1323\">$5\u2019313.956,32<\/strong>.<\/p>\n<\/li>\n<\/ul>\n<p class=\"\" data-start=\"1326\" data-end=\"1547\">Estas obras representan un <strong data-start=\"1353\" data-end=\"1412\">hito en el fortalecimiento de la infraestructura b\u00e1sica<\/strong>, permitiendo mejoras significativas en saneamiento, movilidad, conectividad vial y ordenamiento urbano en zonas clave de la provincia.<\/p>\n<p class=\"\" data-start=\"1549\" data-end=\"1800\">Desde la Secretar\u00eda T\u00e9cnica Amaz\u00f3nica se recalc\u00f3 que estos proyectos son parte de una pol\u00edtica de <strong data-start=\"1647\" data-end=\"1709\">atenci\u00f3n directa y equitativa a los territorios amaz\u00f3nicos<\/strong>, respondiendo a necesidades hist\u00f3ricas y generando oportunidades para el desarrollo local.<\/p>\n<blockquote data-start=\"1802\" data-end=\"2002\">\n<p class=\"\" data-start=\"1804\" data-end=\"2002\">\u201cEsta inversi\u00f3n demuestra el compromiso del Gobierno con la Amazon\u00eda. No son promesas, son hechos concretos que transforman vidas\u201d, se\u00f1al\u00f3 <strong data-start=\"1943\" data-end=\"1960\">Vilma Balseca<\/strong>, representante de la STA en la provincia.<\/p>\n<\/blockquote>\n<p class=\"\" data-start=\"2004\" data-end=\"2148\">La ejecuci\u00f3n de estas obras marca un paso firme hacia una <strong data-start=\"2062\" data-end=\"2147\">Amazon\u00eda m\u00e1s integrada, resiliente y con mejores condiciones para sus comunidades<\/strong>.<\/p>\n","protected":false},"excerpt":{"rendered":"<p>\u00a0La Secretar\u00eda T\u00e9cnica de la Amazon\u00eda (STA), este 20 de mayo, anunci\u00f3 una inversi\u00f3n superior a los $10 millones provenientes del Fondo Com\u00fan Amaz\u00f3nico (FCA), destinados a cuatro importantes proyectos de infraestructura en distintos cantones de la provincia de Zamora Chinchipe. Esta asignaci\u00f3n de recursos no reembolsables responde al compromiso del Gobierno Nacional, liderado por [&hellip;]<\/p>\n","protected":false},"author":1,"featured_media":12333,"comment_status":"open","ping_status":"open","sticky":false,"template":"","format":"standard","meta":{"footnotes":""},"categories":[9],"tags":[],"_links":{"self":[{"href":"https:\/\/infozamoraec.com\/index.php\/wp-json\/wp\/v2\/posts\/12332"}],"collection":[{"href":"https:\/\/infozamoraec.com\/index.php\/wp-json\/wp\/v2\/posts"}],"about":[{"href":"https:\/\/infozamoraec.com\/index.php\/wp-json\/wp\/v2\/types\/post"}],"author":[{"embeddable":true,"href":"https:\/\/infozamoraec.com\/index.php\/wp-json\/wp\/v2\/users\/1"}],"replies":[{"embeddable":true,"href":"https:\/\/infozamoraec.com\/index.php\/wp-json\/wp\/v2\/comments?post=12332"}],"version-history":[{"count":2,"href":"https:\/\/infozamoraec.com\/index.php\/wp-json\/wp\/v2\/posts\/12332\/revisions"}],"predecessor-version":[{"id":12335,"href":"https:\/\/infozamoraec.com\/index.php\/wp-json\/wp\/v2\/posts\/12332\/revisions\/12335"}],"wp:featuredmedia":[{"embeddable":true,"href":"https:\/\/infozamoraec.com\/index.php\/wp-json\/wp\/v2\/media\/12333"}],"wp:attachment":[{"href":"https:\/\/infozamoraec.com\/index.php\/wp-json\/wp\/v2\/media?parent=12332"}],"wp:term":[{"taxonomy":"category","embeddable":true,"href":"https:\/\/infozamoraec.com\/index.php\/wp-json\/wp\/v2\/categories?post=12332"},{"taxonomy":"post_tag","embeddable":true,"href":"https:\/\/infozamoraec.com\/index.php\/wp-json\/wp\/v2\/tags?post=12332"}],"curies":[{"name":"wp","href":"https:\/\/api.w.org\/{rel}","templated":true}]}}