{"id":12329,"date":"2025-05-21T01:37:25","date_gmt":"2025-05-21T01:37:25","guid":{"rendered":"https:\/\/infozamoraec.com\/?p=12329"},"modified":"2025-05-21T01:37:25","modified_gmt":"2025-05-21T01:37:25","slug":"zamora-cuenta-con-financiamiento-para-ampliacion-de-la-av-victor-reyes-cardenas","status":"publish","type":"post","link":"https:\/\/infozamoraec.com\/index.php\/2025\/05\/21\/zamora-cuenta-con-financiamiento-para-ampliacion-de-la-av-victor-reyes-cardenas\/","title":{"rendered":"Zamora cuenta con financiamiento para ampliaci\u00f3n de la Av. V\u00edctor Reyes C\u00e1rdenas"},"content":{"rendered":"<p class=\"\" data-start=\"113\" data-end=\"471\">El cant\u00f3n Zamora dar\u00e1 un paso decisivo hacia el desarrollo vial con la pr\u00f3xima ejecuci\u00f3n del <strong data-start=\"237\" data-end=\"293\">\u201cSistema de Conectividad Vial V\u00edctor Reyes C\u00e1rdenas\u201d<\/strong>, una obra de gran envergadura que ser\u00e1 construida en la <strong data-start=\"350\" data-end=\"370\">parroquia Zamora<\/strong>, producto de\u00a0 la <strong data-start=\"385\" data-end=\"424\">gesti\u00f3n del alcalde Manuel Gonz\u00e1lez<\/strong> ante la <strong data-start=\"433\" data-end=\"470\">Secretar\u00eda T\u00e9cnica de la Amazon\u00eda<\/strong>.<\/p>\n<p class=\"\" data-start=\"473\" data-end=\"711\">El proyecto contempla una <strong data-start=\"499\" data-end=\"538\">inversi\u00f3n total de USD 6\u2019471.081,92<\/strong>, monto que incluye <strong data-start=\"558\" data-end=\"581\">IVA y fiscalizaci\u00f3n<\/strong>, de los cuales <strong data-start=\"597\" data-end=\"666\">USD 5\u2019313.956,32 fueron gestionados como financiamiento principal<\/strong> a trav\u00e9s del mencionado organismo amaz\u00f3nico. El proyecto contempla la ampliaci\u00f3n y regeneraci\u00f3n de la\u00a0 mencionada\u00a0 arteria\u00a0 vial y la construcci\u00f3n del puente sobre el r\u00edo Zamora en el sector del redondel del Minero.<\/p>\n<p class=\"\" data-start=\"713\" data-end=\"1065\">La obra tiene como objetivo <strong data-start=\"741\" data-end=\"775\">mejorar la conectividad urbana<\/strong>, reducir los tiempos de transporte y garantizar <strong data-start=\"824\" data-end=\"864\">mayor accesibilidad y seguridad vial<\/strong> para todos los habitantes del cant\u00f3n. Se trata de una infraestructura pensada para <strong data-start=\"948\" data-end=\"1003\">impulsar el desarrollo social y econ\u00f3mico de Zamora<\/strong>, facilitando la movilidad en zonas estrat\u00e9gicas de la ciudad.<\/p>\n<blockquote data-start=\"1067\" data-end=\"1329\">\n<p class=\"\" data-start=\"1069\" data-end=\"1329\">\u201cEste logro es fruto del trabajo articulado y de la voluntad pol\u00edtica para ejecutar proyectos que transformen la vida de nuestra gente\u201d, expres\u00f3 el alcalde Gonz\u00e1lez, destacando la importancia de esta obra como s\u00edmbolo del compromiso con el bienestar ciudadano.<\/p>\n<\/blockquote>\n<p class=\"\" data-start=\"1331\" data-end=\"1550\">La administraci\u00f3n municipal reafirma as\u00ed su compromiso con la gesti\u00f3n de recursos que permitan <strong data-start=\"1426\" data-end=\"1464\">proyectos sostenibles e integrales<\/strong>, fortaleciendo la infraestructura y generando oportunidades para el desarrollo local.<\/p>\n","protected":false},"excerpt":{"rendered":"<p>El cant\u00f3n Zamora dar\u00e1 un paso decisivo hacia el desarrollo vial con la pr\u00f3xima ejecuci\u00f3n del \u201cSistema de Conectividad Vial V\u00edctor Reyes C\u00e1rdenas\u201d, una obra de gran envergadura que ser\u00e1 construida en la parroquia Zamora, producto de\u00a0 la gesti\u00f3n del alcalde Manuel Gonz\u00e1lez ante la Secretar\u00eda T\u00e9cnica de la Amazon\u00eda. El proyecto contempla una inversi\u00f3n [&hellip;]<\/p>\n","protected":false},"author":1,"featured_media":12330,"comment_status":"open","ping_status":"open","sticky":false,"template":"","format":"standard","meta":{"footnotes":""},"categories":[9],"tags":[],"_links":{"self":[{"href":"https:\/\/infozamoraec.com\/index.php\/wp-json\/wp\/v2\/posts\/12329"}],"collection":[{"href":"https:\/\/infozamoraec.com\/index.php\/wp-json\/wp\/v2\/posts"}],"about":[{"href":"https:\/\/infozamoraec.com\/index.php\/wp-json\/wp\/v2\/types\/post"}],"author":[{"embeddable":true,"href":"https:\/\/infozamoraec.com\/index.php\/wp-json\/wp\/v2\/users\/1"}],"replies":[{"embeddable":true,"href":"https:\/\/infozamoraec.com\/index.php\/wp-json\/wp\/v2\/comments?post=12329"}],"version-history":[{"count":1,"href":"https:\/\/infozamoraec.com\/index.php\/wp-json\/wp\/v2\/posts\/12329\/revisions"}],"predecessor-version":[{"id":12331,"href":"https:\/\/infozamoraec.com\/index.php\/wp-json\/wp\/v2\/posts\/12329\/revisions\/12331"}],"wp:featuredmedia":[{"embeddable":true,"href":"https:\/\/infozamoraec.com\/index.php\/wp-json\/wp\/v2\/media\/12330"}],"wp:attachment":[{"href":"https:\/\/infozamoraec.com\/index.php\/wp-json\/wp\/v2\/media?parent=12329"}],"wp:term":[{"taxonomy":"category","embeddable":true,"href":"https:\/\/infozamoraec.com\/index.php\/wp-json\/wp\/v2\/categories?post=12329"},{"taxonomy":"post_tag","embeddable":true,"href":"https:\/\/infozamoraec.com\/index.php\/wp-json\/wp\/v2\/tags?post=12329"}],"curies":[{"name":"wp","href":"https:\/\/api.w.org\/{rel}","templated":true}]}}