{"id":12325,"date":"2025-05-21T01:27:19","date_gmt":"2025-05-21T01:27:19","guid":{"rendered":"https:\/\/infozamoraec.com\/?p=12325"},"modified":"2025-05-21T01:27:19","modified_gmt":"2025-05-21T01:27:19","slug":"correa-diana-salazar-destrozo-la-justicia-del-pais","status":"publish","type":"post","link":"https:\/\/infozamoraec.com\/index.php\/2025\/05\/21\/correa-diana-salazar-destrozo-la-justicia-del-pais\/","title":{"rendered":"Correa: Diana Salazar \u00abdestroz\u00f3 la justicia del pa\u00eds\u00bb"},"content":{"rendered":"<p>El expresidente de\u00a0<strong>Ecuador Rafael Correa<\/strong>\u00a0(2007-2017) afirm\u00f3 este martes que la fiscal general,\u00a0<strong><a title=\"\" href=\"https:\/\/www.larepublica.ec\/blog\/2025\/05\/20\/asamblea-tramitara-renuncia-de-diana-salazar\/\" target=\"_blank\" rel=\"noopener\">Diana Salazar<\/a><\/strong>, que lider\u00f3 el caso<strong>\u00a0\u2018Sobornos\u2019\u00a0<\/strong>en el que fue inhabilitado pol\u00edticamente y condenado a ocho a\u00f1os de c\u00e1rcel por cohecho, deja el cargo \u00abdespu\u00e9s de haber destrozado la justicia del pa\u00eds\u00bb.<\/p>\n<p>Salazar sale \u00abdespu\u00e9s de haber destrozado la justicia del pa\u00eds, de haber archivado cinco procesos en el \u00faltimo mes contra su patr\u00f3n Lasso (2021-2023), de no haber hecho nada contra Len\u00edn Moreno (2017-2021) en el esc\u00e1ndalo INA Investment\u00bb, dijo en referencia a un caso que investiga a esa empresa por supuestos sobornos cuando Moreno ocup\u00f3 la Vicepresidencia de Ecuador, durante el mandato de Correa.<\/p>\n<p>Correa anot\u00f3 en su perfil de la red social X que la fiscal se retira del cargo, adem\u00e1s, despu\u00e9s de haber \u00abvinculado a personas inocentes en casos como \u2018Ligados\u2019 y llamado a juicio en \u2018Reconstrucci\u00f3n\u2019, en los cuales, como en \u2018Sobornos\u2019, ni siquiera hay delito\u00bb.<\/p>\n<p>El lunes, Salazar present\u00f3 la acusaci\u00f3n formal contra el exvicepresidente corre\u00edsta\u00a0<strong>Jorge Glas<\/strong>\u00a0por presunto peculado en las obras de reconstrucci\u00f3n tras el terremoto de 2016 y el juez a cargo orden\u00f3 que se abriera juicio contra \u00e9l y un acusado m\u00e1s, mientras que sobresey\u00f3 la causa pra otros siete procesados.<\/p>\n<p>Glas, que ya tiene dos condenas por corrupci\u00f3n, permanece en prisi\u00f3n tras haber sido detenido en la Embajada de M\u00e9xico en Quito cuando hab\u00eda recibido asilo diplom\u00e1tico al ser considerado por el Gobierno mexicano como \u00abperseguido pol\u00edtico\u00bb frente a los procesos que el exvicepresidente acumula en la Justicia ecuatoriana.<\/p>\n<p>En el caso<strong>\u00a0\u2018Ligados\u2019<\/strong>, la Justicia prohibi\u00f3 la salida del pa\u00eds de una consejera y tres exconsejeros del Consejo de Participaci\u00f3n Ciudadana y Control Social (CPCCS), procesados por el presunto delito de asociaci\u00f3n il\u00edcita.<\/p>\n","protected":false},"excerpt":{"rendered":"<p>El expresidente de\u00a0Ecuador Rafael Correa\u00a0(2007-2017) afirm\u00f3 este martes que la fiscal general,\u00a0Diana Salazar, que lider\u00f3 el caso\u00a0\u2018Sobornos\u2019\u00a0en el que fue inhabilitado pol\u00edticamente y condenado a ocho a\u00f1os de c\u00e1rcel por cohecho, deja el cargo \u00abdespu\u00e9s de haber destrozado la justicia del pa\u00eds\u00bb. Salazar sale \u00abdespu\u00e9s de haber destrozado la justicia del pa\u00eds, de haber archivado [&hellip;]<\/p>\n","protected":false},"author":1,"featured_media":12326,"comment_status":"open","ping_status":"open","sticky":false,"template":"","format":"standard","meta":{"footnotes":""},"categories":[12],"tags":[],"_links":{"self":[{"href":"https:\/\/infozamoraec.com\/index.php\/wp-json\/wp\/v2\/posts\/12325"}],"collection":[{"href":"https:\/\/infozamoraec.com\/index.php\/wp-json\/wp\/v2\/posts"}],"about":[{"href":"https:\/\/infozamoraec.com\/index.php\/wp-json\/wp\/v2\/types\/post"}],"author":[{"embeddable":true,"href":"https:\/\/infozamoraec.com\/index.php\/wp-json\/wp\/v2\/users\/1"}],"replies":[{"embeddable":true,"href":"https:\/\/infozamoraec.com\/index.php\/wp-json\/wp\/v2\/comments?post=12325"}],"version-history":[{"count":2,"href":"https:\/\/infozamoraec.com\/index.php\/wp-json\/wp\/v2\/posts\/12325\/revisions"}],"predecessor-version":[{"id":12328,"href":"https:\/\/infozamoraec.com\/index.php\/wp-json\/wp\/v2\/posts\/12325\/revisions\/12328"}],"wp:featuredmedia":[{"embeddable":true,"href":"https:\/\/infozamoraec.com\/index.php\/wp-json\/wp\/v2\/media\/12326"}],"wp:attachment":[{"href":"https:\/\/infozamoraec.com\/index.php\/wp-json\/wp\/v2\/media?parent=12325"}],"wp:term":[{"taxonomy":"category","embeddable":true,"href":"https:\/\/infozamoraec.com\/index.php\/wp-json\/wp\/v2\/categories?post=12325"},{"taxonomy":"post_tag","embeddable":true,"href":"https:\/\/infozamoraec.com\/index.php\/wp-json\/wp\/v2\/tags?post=12325"}],"curies":[{"name":"wp","href":"https:\/\/api.w.org\/{rel}","templated":true}]}}