{"id":12322,"date":"2025-05-21T01:25:14","date_gmt":"2025-05-21T01:25:14","guid":{"rendered":"https:\/\/infozamoraec.com\/?p=12322"},"modified":"2025-05-21T01:25:14","modified_gmt":"2025-05-21T01:25:14","slug":"diana-salazar-abandona-el-cargo-de-fiscal-general-del-estado","status":"publish","type":"post","link":"https:\/\/infozamoraec.com\/index.php\/2025\/05\/21\/diana-salazar-abandona-el-cargo-de-fiscal-general-del-estado\/","title":{"rendered":"Diana Salazar abandona el cargo de Fiscal General del Estado"},"content":{"rendered":"<div class=\"cp-excerpt-xl\">\n<p><strong>Diana Salazar<\/strong>\u00a0anunci\u00f3 este martes que abandonar\u00e1 su cargo como Fiscal General del Estado, el cual ha ejercido desde 2019. En su lugar queda el fiscal subrogante\u00a0<strong>Wilson Toainga<\/strong>.<\/p>\n<p>El anunci\u00f3 se hizo p\u00fablico a trav\u00e9s de un video compartido por la Fiscal\u00eda ecuatoriana en el que Salazar habla de su trayectoria en el organismo. La jurista lleva 24 a\u00f1os trabajando en la instituci\u00f3n, a la que ingres\u00f3 como asistente de fiscal. Salazar se refiri\u00f3 a su gesti\u00f3n como \u00abgratificante\u00bb y mencion\u00f3 que su intenci\u00f3n principal fue \u00abgarantizar el acceso a la Justicia\u00bb.<\/p>\n<p>Diana Salazar naci\u00f3 en Ibarra en 1981. En su carrera jur\u00eddica se destaca su labor en casos como FIFA Gate y la persecuci\u00f3n legal contra el exvicepresidente de la Rep\u00fablica,\u00a0<strong>Jorge Glas<\/strong>. Salazar tambi\u00e9n fue fiscal general durante el desarrollo del\u00a0<strong>Caso Sobornos<\/strong>, que llev\u00f3 a la condena del expresidente\u00a0<strong>Rafael Correa<\/strong>\u00a0por el delito de cohecho.<\/p>\n<p>En septiembre de 2024, la Asamblea Nacional archiv\u00f3 la propuesta de un juicio pol\u00edtico contra la entonces fiscal ideado por el corre\u00edsmo.\u00a0<strong>(I)<\/strong><\/p>\n<p>&nbsp;<\/p>\n<\/div>\n","protected":false},"excerpt":{"rendered":"<p>Diana Salazar\u00a0anunci\u00f3 este martes que abandonar\u00e1 su cargo como Fiscal General del Estado, el cual ha ejercido desde 2019. En su lugar queda el fiscal subrogante\u00a0Wilson Toainga. El anunci\u00f3 se hizo p\u00fablico a trav\u00e9s de un video compartido por la Fiscal\u00eda ecuatoriana en el que Salazar habla de su trayectoria en el organismo. La jurista [&hellip;]<\/p>\n","protected":false},"author":1,"featured_media":12323,"comment_status":"open","ping_status":"open","sticky":false,"template":"","format":"standard","meta":{"footnotes":""},"categories":[12],"tags":[],"_links":{"self":[{"href":"https:\/\/infozamoraec.com\/index.php\/wp-json\/wp\/v2\/posts\/12322"}],"collection":[{"href":"https:\/\/infozamoraec.com\/index.php\/wp-json\/wp\/v2\/posts"}],"about":[{"href":"https:\/\/infozamoraec.com\/index.php\/wp-json\/wp\/v2\/types\/post"}],"author":[{"embeddable":true,"href":"https:\/\/infozamoraec.com\/index.php\/wp-json\/wp\/v2\/users\/1"}],"replies":[{"embeddable":true,"href":"https:\/\/infozamoraec.com\/index.php\/wp-json\/wp\/v2\/comments?post=12322"}],"version-history":[{"count":1,"href":"https:\/\/infozamoraec.com\/index.php\/wp-json\/wp\/v2\/posts\/12322\/revisions"}],"predecessor-version":[{"id":12324,"href":"https:\/\/infozamoraec.com\/index.php\/wp-json\/wp\/v2\/posts\/12322\/revisions\/12324"}],"wp:featuredmedia":[{"embeddable":true,"href":"https:\/\/infozamoraec.com\/index.php\/wp-json\/wp\/v2\/media\/12323"}],"wp:attachment":[{"href":"https:\/\/infozamoraec.com\/index.php\/wp-json\/wp\/v2\/media?parent=12322"}],"wp:term":[{"taxonomy":"category","embeddable":true,"href":"https:\/\/infozamoraec.com\/index.php\/wp-json\/wp\/v2\/categories?post=12322"},{"taxonomy":"post_tag","embeddable":true,"href":"https:\/\/infozamoraec.com\/index.php\/wp-json\/wp\/v2\/tags?post=12322"}],"curies":[{"name":"wp","href":"https:\/\/api.w.org\/{rel}","templated":true}]}}