{"id":12319,"date":"2025-05-21T01:19:56","date_gmt":"2025-05-21T01:19:56","guid":{"rendered":"https:\/\/infozamoraec.com\/?p=12319"},"modified":"2025-05-21T01:19:56","modified_gmt":"2025-05-21T01:19:56","slug":"mas-de-140-000-cupos-se-ofertarian-en-segundo-periodo-de-acceso-a-educacion-publica","status":"publish","type":"post","link":"https:\/\/infozamoraec.com\/index.php\/2025\/05\/21\/mas-de-140-000-cupos-se-ofertarian-en-segundo-periodo-de-acceso-a-educacion-publica\/","title":{"rendered":"M\u00e1s de 140.000 cupos se ofertar\u00edan en segundo periodo de acceso a educaci\u00f3n p\u00fablica"},"content":{"rendered":"<p>Universidades e institutos superiores se preparan para el segundo periodo de acceso a la\u00a0<a href=\"https:\/\/www.eluniverso.com\/temas\/universidades\/\" target=\"_self\" rel=\"noopener noreferrer nofollow\"><strong>educaci\u00f3n superior<\/strong><\/a>\u00a0p\u00fablica.<\/p>\n<p>Iniciar\u00e1 el 26 de mayo con el denominado Registro Nacional, que es un tr\u00e1mite dirigido especialmente para el r\u00e9gimen Sierra-Amazon\u00eda porque los estudiantes terminan el a\u00f1o lectivo o para bachilleres de a\u00f1os anteriores que no hayan formado parte del proceso de acceso.<\/p>\n<p>Es la primera etapa obligatoria para quienes aspiran a acceder a institutos tecnol\u00f3gicos, conservatorios superiores, universidades y escuelas polit\u00e9cnicas p\u00fablicas en el segundo semestre de este a\u00f1o.<\/p>\n<p>A\u00fan los cupos no se han establecido porque se est\u00e1 haciendo el levantamiento con las entidades de educaci\u00f3n superior, es decir, universidades e institutos, sostuvo la Secretar\u00eda de Educaci\u00f3n Superior, Ciencia, Tecnolog\u00eda e Innovaci\u00f3n (Senescyt).<\/p>\n<p>En el primer periodo 2025 de acceso a la educaci\u00f3n superior se ofertaron 125.000 cupos, 10.150 adicionales a lo que se ofert\u00f3 el mismo semestre del a\u00f1o anterior, indic\u00f3 C\u00e9sar V\u00e1squez, secretario de Educaci\u00f3n Superior.<\/p>\n<p>Ese n\u00famero para el segundo periodo acad\u00e9mico correspondiente al r\u00e9gimen Sierra-Amazon\u00eda ser\u00e1 mayor, pues hay m\u00e1s bachilleres, acot\u00f3, por lo que se proyecta que supere los 140.000 cupos.<\/p>\n<p>El funcionario se\u00f1al\u00f3 que la colocaci\u00f3n de los cupos var\u00eda, dependiendo de las necesidades, as\u00ed por ejemplo, para Medicina hay un alto inter\u00e9s de los bachilleres que quieren estudiar esa carrera y existe un n\u00famero limitado como en todas las profesiones.<\/p>\n<p>Agreg\u00f3 que hay carreras en las cuales se llenan los cupos, hay otras en las que no.<\/p>\n<p>Indic\u00f3 que la idea es que se vaya orientando a los bachilleres en su decisi\u00f3n para que puedan obtener uno de los cupos que est\u00e1n disponibles.<\/p>\n<p>V\u00e1squez expres\u00f3 que, a trav\u00e9s de un trabajo articulado con el Consejo de Educaci\u00f3n Superior (CES), se ha desarrollado un proceso m\u00e1s simplificado de actualizaci\u00f3n de mallas curriculares lo que permite a las universidades e institutos que puedan de semestre a semestre, de periodo acad\u00e9mico a periodo acad\u00e9mico, renovar su contenido y poder ofertar nuevos programas de tercer nivel t\u00e9cnico y tecnol\u00f3gico.<\/p>\n<p>La Senescyt y el Ministerio de Educaci\u00f3n realizan charlas y visitas hacia las instituciones educativas para que los alumnos tomen una decisi\u00f3n informada, adujo.<\/p>\n<p>\u201cHoy la ciberseguridad, inteligencia artificial, son factores esenciales dentro del proceso de educaci\u00f3n y lo estamos enfocando, por ejemplo, hacia la Medicina con un enfoque en inteligencia artificial, hacia la educaci\u00f3n, hacia las tecnolog\u00edas, hacia las ingenier\u00edas\u201d, dijo.<\/p>\n<p>Destac\u00f3 adem\u00e1s que las tecnolog\u00edas son mucho m\u00e1s apetecidas por el mercado laboral debido a que hay mano de obra calificada t\u00e9cnica y que va directamente al proceso productivo por lo que se alienta esa formaci\u00f3n.<\/p>\n<p>Tambi\u00e9n, a\u00f1adi\u00f3, se va ampliar cupos con nuevas modalidades, por ejemplo, en l\u00ednea o semipresenciales.<\/p>\n","protected":false},"excerpt":{"rendered":"<p>Universidades e institutos superiores se preparan para el segundo periodo de acceso a la\u00a0educaci\u00f3n superior\u00a0p\u00fablica. Iniciar\u00e1 el 26 de mayo con el denominado Registro Nacional, que es un tr\u00e1mite dirigido especialmente para el r\u00e9gimen Sierra-Amazon\u00eda porque los estudiantes terminan el a\u00f1o lectivo o para bachilleres de a\u00f1os anteriores que no hayan formado parte del proceso [&hellip;]<\/p>\n","protected":false},"author":1,"featured_media":12320,"comment_status":"open","ping_status":"open","sticky":false,"template":"","format":"standard","meta":{"footnotes":""},"categories":[12],"tags":[],"_links":{"self":[{"href":"https:\/\/infozamoraec.com\/index.php\/wp-json\/wp\/v2\/posts\/12319"}],"collection":[{"href":"https:\/\/infozamoraec.com\/index.php\/wp-json\/wp\/v2\/posts"}],"about":[{"href":"https:\/\/infozamoraec.com\/index.php\/wp-json\/wp\/v2\/types\/post"}],"author":[{"embeddable":true,"href":"https:\/\/infozamoraec.com\/index.php\/wp-json\/wp\/v2\/users\/1"}],"replies":[{"embeddable":true,"href":"https:\/\/infozamoraec.com\/index.php\/wp-json\/wp\/v2\/comments?post=12319"}],"version-history":[{"count":1,"href":"https:\/\/infozamoraec.com\/index.php\/wp-json\/wp\/v2\/posts\/12319\/revisions"}],"predecessor-version":[{"id":12321,"href":"https:\/\/infozamoraec.com\/index.php\/wp-json\/wp\/v2\/posts\/12319\/revisions\/12321"}],"wp:featuredmedia":[{"embeddable":true,"href":"https:\/\/infozamoraec.com\/index.php\/wp-json\/wp\/v2\/media\/12320"}],"wp:attachment":[{"href":"https:\/\/infozamoraec.com\/index.php\/wp-json\/wp\/v2\/media?parent=12319"}],"wp:term":[{"taxonomy":"category","embeddable":true,"href":"https:\/\/infozamoraec.com\/index.php\/wp-json\/wp\/v2\/categories?post=12319"},{"taxonomy":"post_tag","embeddable":true,"href":"https:\/\/infozamoraec.com\/index.php\/wp-json\/wp\/v2\/tags?post=12319"}],"curies":[{"name":"wp","href":"https:\/\/api.w.org\/{rel}","templated":true}]}}