{"id":12316,"date":"2025-05-21T01:18:31","date_gmt":"2025-05-21T01:18:31","guid":{"rendered":"https:\/\/infozamoraec.com\/?p=12316"},"modified":"2025-05-21T01:18:31","modified_gmt":"2025-05-21T01:18:31","slug":"control-de-la-superintendencia-de-bancos-arrastra-a-los-correistas-andres-arauz-y-esther-cuesta-en-el-caso-liga2","status":"publish","type":"post","link":"https:\/\/infozamoraec.com\/index.php\/2025\/05\/21\/control-de-la-superintendencia-de-bancos-arrastra-a-los-correistas-andres-arauz-y-esther-cuesta-en-el-caso-liga2\/","title":{"rendered":"Control de la Superintendencia de Bancos arrastra a los corre\u00edstas Andr\u00e9s Arauz y Esther Cuesta en el caso Liga2"},"content":{"rendered":"<p>A\u00fan no hay fecha para que la Fiscal\u00eda General exponga en audiencia los cargos por los que busca vincular a Andr\u00e9s Arauz, Esther Cuesta y Ra\u00fal Gonz\u00e1lez en las investigaciones dentro del\u00a0<strong>caso Liga2<\/strong>, en el que se investiga un delito de presunta asociaci\u00f3n il\u00edcita.<\/p>\n<p>Antes de oficializar su renuncia como titular de la\u00a0<strong>Fiscal\u00eda General<\/strong>,\u00a0<strong>Diana Salazar M\u00e9ndez<\/strong>\u00a0pidi\u00f3 a la jueza de la Corte Nacional de Justicia (CNJ) Daniella Camacho que disponga de fecha y hora para una audiencia de formulaci\u00f3n de cargos, cuyo objetivo ser\u00eda vincular a Andr\u00e9s Arauz Galarza, secretario ejecutivo del movimiento corre\u00edsta Revoluci\u00f3n Ciudadana (RC) y la exlegisladora tambi\u00e9n corre\u00edsta Esther Cuesta al proceso.<\/p>\n<p>As\u00ed tambi\u00e9n a\u00a0<strong>Ra\u00fal Gonz\u00e1lez Carri\u00f3n<\/strong>, quien fue designado en el 2022 como titular de la Superintendencia de Bancos; pero, en medio de conflictos pol\u00edticos en el gobierno de Guillermo Lasso, la justicia ordinaria anul\u00f3 su selecci\u00f3n en el tr\u00e1mite de una acci\u00f3n de protecci\u00f3n.<\/p>\n<p>Hasta el cierre de esta publicaci\u00f3n, la magistrada no suscrib\u00eda una convocatoria a la diligencia.<\/p>\n<p>La Fiscal\u00eda abri\u00f3 esta investigaci\u00f3n a finales de enero tras una denuncia del titular de la Superintendencia de Bancos,\u00a0<strong>Roberto Romero von Buchwald<\/strong>, ya que cuatro de los siete vocales del\u00a0<a href=\"https:\/\/www.eluniverso.com\/temas\/consejo-participacion-ciudadana-control-social\/\" target=\"_self\" rel=\"noopener noreferrer nofollow\"><strong>Consejo de Participaci\u00f3n Ciudadana y Control Social (CPCCS)<\/strong><\/a>\u00a0formaron una mayor\u00eda y desconocieron su designaci\u00f3n para ese cargo.<\/p>\n<p>El 22 de enero de 2025, Augusto Verduga, Yadira Saltos, Eduardo Franco\u00a0<a href=\"https:\/\/www.eluniverso.com\/noticias\/politica\/consejo-de-participacion-ciudadana-y-control-social-tribunal-contencioso-electoral-destituciones-politicas-liga-azul-rafael-correa-movimiento-revolucion-ciudadana-nota\/\" target=\"_self\" rel=\"noopener noreferrer nofollow\"><strong>\u2014destituidos por una sentencia del Tribunal Contencioso Electoral (TCE)\u2014\u00a0<\/strong><\/a>sumaron el respaldo de Nicole Bonifaz (a\u00fan en funciones) para \u201cratificar\u201d la designaci\u00f3n de Ra\u00fal Gonz\u00e1lez como superintendente de Bancos hasta el 2027.<\/p>\n<p>Lo hicieron pese a una sentencia de la<strong>\u00a0Corte Constitucional (CC)\u00a0<\/strong>que tramit\u00f3 una acci\u00f3n extraordinaria de protecci\u00f3n de Gonz\u00e1lez que, si bien reconoci\u00f3 que se vulneraron sus derechos, precis\u00f3 que \u201cno ten\u00eda la potencialidad de afectar ninguna situaci\u00f3n jur\u00eddica que se haya consolidado sobre los nuevos procesos de selecci\u00f3n\u201d.<\/p>\n","protected":false},"excerpt":{"rendered":"<p>A\u00fan no hay fecha para que la Fiscal\u00eda General exponga en audiencia los cargos por los que busca vincular a Andr\u00e9s Arauz, Esther Cuesta y Ra\u00fal Gonz\u00e1lez en las investigaciones dentro del\u00a0caso Liga2, en el que se investiga un delito de presunta asociaci\u00f3n il\u00edcita. Antes de oficializar su renuncia como titular de la\u00a0Fiscal\u00eda General,\u00a0Diana Salazar [&hellip;]<\/p>\n","protected":false},"author":1,"featured_media":12317,"comment_status":"open","ping_status":"open","sticky":false,"template":"","format":"standard","meta":{"footnotes":""},"categories":[12],"tags":[],"_links":{"self":[{"href":"https:\/\/infozamoraec.com\/index.php\/wp-json\/wp\/v2\/posts\/12316"}],"collection":[{"href":"https:\/\/infozamoraec.com\/index.php\/wp-json\/wp\/v2\/posts"}],"about":[{"href":"https:\/\/infozamoraec.com\/index.php\/wp-json\/wp\/v2\/types\/post"}],"author":[{"embeddable":true,"href":"https:\/\/infozamoraec.com\/index.php\/wp-json\/wp\/v2\/users\/1"}],"replies":[{"embeddable":true,"href":"https:\/\/infozamoraec.com\/index.php\/wp-json\/wp\/v2\/comments?post=12316"}],"version-history":[{"count":1,"href":"https:\/\/infozamoraec.com\/index.php\/wp-json\/wp\/v2\/posts\/12316\/revisions"}],"predecessor-version":[{"id":12318,"href":"https:\/\/infozamoraec.com\/index.php\/wp-json\/wp\/v2\/posts\/12316\/revisions\/12318"}],"wp:featuredmedia":[{"embeddable":true,"href":"https:\/\/infozamoraec.com\/index.php\/wp-json\/wp\/v2\/media\/12317"}],"wp:attachment":[{"href":"https:\/\/infozamoraec.com\/index.php\/wp-json\/wp\/v2\/media?parent=12316"}],"wp:term":[{"taxonomy":"category","embeddable":true,"href":"https:\/\/infozamoraec.com\/index.php\/wp-json\/wp\/v2\/categories?post=12316"},{"taxonomy":"post_tag","embeddable":true,"href":"https:\/\/infozamoraec.com\/index.php\/wp-json\/wp\/v2\/tags?post=12316"}],"curies":[{"name":"wp","href":"https:\/\/api.w.org\/{rel}","templated":true}]}}