{"id":12310,"date":"2025-05-20T01:18:50","date_gmt":"2025-05-20T01:18:50","guid":{"rendered":"https:\/\/infozamoraec.com\/?p=12310"},"modified":"2025-05-20T01:18:50","modified_gmt":"2025-05-20T01:18:50","slug":"celec-alquilara-equipos-para-generar-260-mw-de-energia-termoelectrica","status":"publish","type":"post","link":"https:\/\/infozamoraec.com\/index.php\/2025\/05\/20\/celec-alquilara-equipos-para-generar-260-mw-de-energia-termoelectrica\/","title":{"rendered":"Celec alquilar\u00e1 equipos para generar 260 MW de energ\u00eda termoel\u00e9ctrica"},"content":{"rendered":"<p>La Corporaci\u00f3n El\u00e9ctrica del Ecuador (Celec) busca alquilar generadores terrestres de energ\u00eda termoel\u00e9ctrica, que usen combustible di\u00e9sel, para obtener una potencia efectiva total de generaci\u00f3n de hasta 260 megavatios (MW).<\/p>\n<p>Con esto el Gobierno espera atender la demanda de energ\u00eda a escala nacional. El proceso est\u00e1 a cargo de la unidad de negocio Electroguayas, que envi\u00f3 una invitaci\u00f3n a empresas nacionales y extranjeras para que presenten manifestaciones de inter\u00e9s para realizar el sondeo de mercado para suministrar energ\u00eda termoel\u00e9ctrica.<\/p>\n<p>La informaci\u00f3n deber\u00e1 ser entregada hasta el 23 de mayo de 2025, seg\u00fan consta en la documentaci\u00f3n publicada en la p\u00e1gina web de Celec.<\/p>\n<p>Las ofertas deber\u00e1n contener, entre otros puntos, un diagrama preliminar de implantaci\u00f3n del proyecto, plazos (movilizaci\u00f3n, montaje, puesta en marcha, operaci\u00f3n comercial, etc.), documentos que los acrediten como distribuidores o fabricantes de los generadores de energ\u00eda termoel\u00e9ctrica.<\/p>\n<p>De acuerdo con la informaci\u00f3n oficial, los generadores se ubicar\u00e1n en las centrales Enrique Garc\u00eda y Pascuales II, que se encuentran en el sector de Pascuales, en Guayaquil.<\/p>\n<p>En el caso de la central Pascuales II, seg\u00fan el portafolio de proyectos, se podr\u00e1 instalar generaci\u00f3n desde 80 MW hasta 136 MW en un espacio de alrededor de una hect\u00e1rea.<\/p>\n<p>Mientras que en Enrique Garc\u00eda se podr\u00e1n instalar desde 80 MW hasta 180 MW en un \u00e1rea aproximada de 1,25 hect\u00e1reas.<\/p>\n<p>El combustible que necesitar\u00e1n los equipos ser\u00e1 suministrado desde la estaci\u00f3n de almacenamiento Pascuales de la empresa p\u00fablica Petroecuador.<\/p>\n<p>En la descripci\u00f3n t\u00e9cnica del requerimiento de Electroguayas se detalla que los generadores deber\u00e1n garantizar la potencia efectiva ofertada y la disponibilidad no menor al 95 %.<\/p>\n<p>Adem\u00e1s, los generadores deber\u00e1n incluir una subestaci\u00f3n elevadora que permita elevar el voltaje desde el nivel de la generaci\u00f3n hasta el de conexi\u00f3n (230 kV).<\/p>\n<p>En la parte de plazos de ejecuci\u00f3n se indica que la etapa de operaci\u00f3n comercial y mantenimiento durar\u00e1 540 d\u00edas en las dos centrales t\u00e9rmicas (Pascuales y Enrique Garc\u00eda), es decir, el alquiler de los generadores ser\u00e1 por alrededor de 18 meses.<\/p>\n<p>El contrato se suscribir\u00e1 bajo la figura de r\u00e9gimen especial por giro espec\u00edfico del negocio. Y se firmar\u00e1 con el oferente adjudicado antes de la presentaci\u00f3n de las garant\u00edas requeridas por parte de Celec.<\/p>\n","protected":false},"excerpt":{"rendered":"<p>La Corporaci\u00f3n El\u00e9ctrica del Ecuador (Celec) busca alquilar generadores terrestres de energ\u00eda termoel\u00e9ctrica, que usen combustible di\u00e9sel, para obtener una potencia efectiva total de generaci\u00f3n de hasta 260 megavatios (MW). Con esto el Gobierno espera atender la demanda de energ\u00eda a escala nacional. El proceso est\u00e1 a cargo de la unidad de negocio Electroguayas, que [&hellip;]<\/p>\n","protected":false},"author":1,"featured_media":12311,"comment_status":"open","ping_status":"open","sticky":false,"template":"","format":"standard","meta":{"footnotes":""},"categories":[12],"tags":[],"_links":{"self":[{"href":"https:\/\/infozamoraec.com\/index.php\/wp-json\/wp\/v2\/posts\/12310"}],"collection":[{"href":"https:\/\/infozamoraec.com\/index.php\/wp-json\/wp\/v2\/posts"}],"about":[{"href":"https:\/\/infozamoraec.com\/index.php\/wp-json\/wp\/v2\/types\/post"}],"author":[{"embeddable":true,"href":"https:\/\/infozamoraec.com\/index.php\/wp-json\/wp\/v2\/users\/1"}],"replies":[{"embeddable":true,"href":"https:\/\/infozamoraec.com\/index.php\/wp-json\/wp\/v2\/comments?post=12310"}],"version-history":[{"count":1,"href":"https:\/\/infozamoraec.com\/index.php\/wp-json\/wp\/v2\/posts\/12310\/revisions"}],"predecessor-version":[{"id":12312,"href":"https:\/\/infozamoraec.com\/index.php\/wp-json\/wp\/v2\/posts\/12310\/revisions\/12312"}],"wp:featuredmedia":[{"embeddable":true,"href":"https:\/\/infozamoraec.com\/index.php\/wp-json\/wp\/v2\/media\/12311"}],"wp:attachment":[{"href":"https:\/\/infozamoraec.com\/index.php\/wp-json\/wp\/v2\/media?parent=12310"}],"wp:term":[{"taxonomy":"category","embeddable":true,"href":"https:\/\/infozamoraec.com\/index.php\/wp-json\/wp\/v2\/categories?post=12310"},{"taxonomy":"post_tag","embeddable":true,"href":"https:\/\/infozamoraec.com\/index.php\/wp-json\/wp\/v2\/tags?post=12310"}],"curies":[{"name":"wp","href":"https:\/\/api.w.org\/{rel}","templated":true}]}}