{"id":12307,"date":"2025-05-20T01:17:06","date_gmt":"2025-05-20T01:17:06","guid":{"rendered":"https:\/\/infozamoraec.com\/?p=12307"},"modified":"2025-05-20T01:17:06","modified_gmt":"2025-05-20T01:17:06","slug":"la-fiscalia-vinculara-al-caso-ligados-a-andres-arauz-raul-gonzalez-y-esther-cuesta","status":"publish","type":"post","link":"https:\/\/infozamoraec.com\/index.php\/2025\/05\/20\/la-fiscalia-vinculara-al-caso-ligados-a-andres-arauz-raul-gonzalez-y-esther-cuesta\/","title":{"rendered":"La Fiscal\u00eda vincular\u00e1 al caso Ligados a Andr\u00e9s Arauz, Ra\u00fal Gonz\u00e1lez y Esther Cuesta"},"content":{"rendered":"<div class=\"cp-excerpt-xl\">\n<p>La\u00a0<strong>fiscal Diana Salazar<\/strong>\u00a0solicit\u00f3 fecha y hora para vincular y formular cargos en contra de\u00a0<a href=\"https:\/\/www.ecuavisa.com\/metadatos\/-\/meta\/andres-arauz\" target=\"_blank\" rel=\"noopener noreferrer nofollow\">Andr\u00e9s Arauz<\/a>,\u00a0<a href=\"https:\/\/www.ecuavisa.com\/metadatos\/-\/meta\/raul-gonzalez-carrion\" target=\"_blank\" rel=\"noopener noreferrer nofollow\">Ra\u00fal Gonz\u00e1lez Carri\u00f3n<\/a>\u00a0y\u00a0<a href=\"https:\/\/www.ecuavisa.com\/metadatos\/-\/meta\/esther-cuesta\" target=\"_blank\" rel=\"noopener noreferrer nofollow\">Esther Cuesta<\/a>\u00a0por presunta asociaci\u00f3n il\u00edcita dentro del\u00a0<a href=\"https:\/\/www.ecuavisa.com\/metadatos\/-\/meta\/caso-ligados\" target=\"_blank\" rel=\"noopener noreferrer nofollow\">caso Ligados<\/a>.<\/p>\n<p>Salazar dice que dentro de la\u00a0<strong>instrucci\u00f3n fiscal<\/strong>\u00a0\u00abhan aparecido datos de los que se presume la participaci\u00f3n en el delito de asociaci\u00f3n Il\u00edcita\u00bb de las tres personas referidas.<\/p>\n<p>Ahora corresponde a la jueza de la Corte Nacional de Justicia,\u00a0<strong>Daniella Camacho<\/strong>, fijar la fecha y hora para esta formulaci\u00f3n de cargos. Cuando esto ocurra, la Fiscal\u00eda tendr\u00e1 m\u00e1s tiempo para las investigaciones.<\/p>\n<p>En el caso Ligados ya se encuentran procesados los exconsejeros del Cpccs,\u00a0<strong>Augusto Verduga<\/strong>,\u00a0<strong>Yadira Saltos<\/strong>\u00a0y\u00a0<strong>Eduardo Franco Loor<\/strong>, adem\u00e1s de la vigente consejera\u00a0<strong>Nicole Bonifaz<\/strong>.<\/p>\n<p>La Fiscal\u00eda ha revelado una serie de chats y audios en los que\u00a0<strong>Andr\u00e9s Arauz, de la Revoluci\u00f3n Ciudadana,<\/strong>\u00a0mantiene conversaciones con Verduga y Saltos sobre c\u00f3mo dilatar la resoluci\u00f3n del TCE que termin\u00f3 destituy\u00e9ndoles del Cpccs.<\/p>\n<p>En el caso de<strong>\u00a0Esther Cuesta<\/strong>, ella lleg\u00f3 a presidir la Asamblea Nacional en enero de 2025, cuando el resto de legisladores se encontraban en campa\u00f1a electoral. Fue se\u00f1alada de demorar la posesi\u00f3n en el Parlamento de\u00a0<strong>Roberto Romero von Buchwald\u00a0<\/strong>como Superintendente de Bancos.<\/p>\n<p>Mientras que\u00a0<strong>Ra\u00fal Gonz\u00e1lez Carri\u00f3n<\/strong>\u00a0era la figura que los consejeros del corre\u00edsmo buscaban ubicar en la Superintendencia de Bancos, haciendo su propia interpretaci\u00f3n de una sentencia de la<strong>\u00a0Corte Constitucional<\/strong>.<\/p>\n<p>La Corte Constitucional activ\u00f3 una fase de seguimiento al respecto, pero hasta la fecha todav\u00eda no se ha pronunciado.<\/p>\n<p>&nbsp;<\/p>\n<\/div>\n","protected":false},"excerpt":{"rendered":"<p>La\u00a0fiscal Diana Salazar\u00a0solicit\u00f3 fecha y hora para vincular y formular cargos en contra de\u00a0Andr\u00e9s Arauz,\u00a0Ra\u00fal Gonz\u00e1lez Carri\u00f3n\u00a0y\u00a0Esther Cuesta\u00a0por presunta asociaci\u00f3n il\u00edcita dentro del\u00a0caso Ligados. Salazar dice que dentro de la\u00a0instrucci\u00f3n fiscal\u00a0\u00abhan aparecido datos de los que se presume la participaci\u00f3n en el delito de asociaci\u00f3n Il\u00edcita\u00bb de las tres personas referidas. Ahora corresponde a la [&hellip;]<\/p>\n","protected":false},"author":1,"featured_media":12308,"comment_status":"open","ping_status":"open","sticky":false,"template":"","format":"standard","meta":{"footnotes":""},"categories":[12],"tags":[],"_links":{"self":[{"href":"https:\/\/infozamoraec.com\/index.php\/wp-json\/wp\/v2\/posts\/12307"}],"collection":[{"href":"https:\/\/infozamoraec.com\/index.php\/wp-json\/wp\/v2\/posts"}],"about":[{"href":"https:\/\/infozamoraec.com\/index.php\/wp-json\/wp\/v2\/types\/post"}],"author":[{"embeddable":true,"href":"https:\/\/infozamoraec.com\/index.php\/wp-json\/wp\/v2\/users\/1"}],"replies":[{"embeddable":true,"href":"https:\/\/infozamoraec.com\/index.php\/wp-json\/wp\/v2\/comments?post=12307"}],"version-history":[{"count":1,"href":"https:\/\/infozamoraec.com\/index.php\/wp-json\/wp\/v2\/posts\/12307\/revisions"}],"predecessor-version":[{"id":12309,"href":"https:\/\/infozamoraec.com\/index.php\/wp-json\/wp\/v2\/posts\/12307\/revisions\/12309"}],"wp:featuredmedia":[{"embeddable":true,"href":"https:\/\/infozamoraec.com\/index.php\/wp-json\/wp\/v2\/media\/12308"}],"wp:attachment":[{"href":"https:\/\/infozamoraec.com\/index.php\/wp-json\/wp\/v2\/media?parent=12307"}],"wp:term":[{"taxonomy":"category","embeddable":true,"href":"https:\/\/infozamoraec.com\/index.php\/wp-json\/wp\/v2\/categories?post=12307"},{"taxonomy":"post_tag","embeddable":true,"href":"https:\/\/infozamoraec.com\/index.php\/wp-json\/wp\/v2\/tags?post=12307"}],"curies":[{"name":"wp","href":"https:\/\/api.w.org\/{rel}","templated":true}]}}