{"id":12298,"date":"2025-05-20T01:11:58","date_gmt":"2025-05-20T01:11:58","guid":{"rendered":"https:\/\/infozamoraec.com\/?p=12298"},"modified":"2025-05-20T01:11:58","modified_gmt":"2025-05-20T01:11:58","slug":"adn-y-el-correismo-comparten-parlamento-andino","status":"publish","type":"post","link":"https:\/\/infozamoraec.com\/index.php\/2025\/05\/20\/adn-y-el-correismo-comparten-parlamento-andino\/","title":{"rendered":"ADN y el corre\u00edsmo comparten Parlamento Andino"},"content":{"rendered":"<p>El\u00a0<strong><a title=\"\" href=\"https:\/\/www.larepublica.ec\/blog\/2025\/05\/19\/adn-predomina-comision-de-etica-en-asamblea\/\" target=\"_blank\" rel=\"noopener\">oficialismo<\/a><\/strong>\u00a0tambi\u00e9n logr\u00f3 este lunes, 19 de mayo, en la Asamblea Nacional, en Quito, tener una mayor\u00eda en la delegaci\u00f3n ecuatoriana al Parlamento Andino. Los representantes fueron electos el pasado domingo, 9 de febrero.<\/p>\n<p>Hoy, tomaron posesi\u00f3n<strong>\u00a0June Boh\u00f3rquez<\/strong>,\u00a0<strong>Rafael Rodr\u00edguez<\/strong>\u00a0y\u00a0<strong>M\u00f3nica Haro (ADN7)<\/strong>, con\u00a0<strong>Virgilio Hern\u00e1ndez y Ver\u00f3nica Arias<\/strong>\u00a0<strong>(RC5)<\/strong>. La ceremonia fue dirigida por el presidente del Parlamento,\u00a0<strong>Niels Olsen,<\/strong>\u00a0durante la segunda sesi\u00f3n del Pleno.<\/p>\n<p>El Consejo Nacional Electoral (CNE) oficializ\u00f3 sus nombramientos el pasado lunes, 7 de abril.<strong>\u00a0Hern\u00e1ndez y Arias<\/strong>\u00a0ya formaban parte del Parlamento Andino en el per\u00edodo 2023-2025, mientras que,\u00a0<strong>Boh\u00f3rquez, Haro y Rodr\u00edguez\u00a0<\/strong>son nuevos en la pol\u00edtica.<\/p>\n<p>Cabe recordar que, este es un organismo regional con sede en Bogot\u00e1, Colombia, que representa a Bolivia, Per\u00fa, Colombia y Ecuador, desde 1979. Sus funciones incluyen interpretar normas de la Comunidad Andina, supervisar la legalidad de sus \u00f3rganos, y resolver disputas entre pa\u00edses miembros. Cada parlamentario recibe un salario mensual de 3.500 d\u00f3lares.<\/p>\n","protected":false},"excerpt":{"rendered":"<p>El\u00a0oficialismo\u00a0tambi\u00e9n logr\u00f3 este lunes, 19 de mayo, en la Asamblea Nacional, en Quito, tener una mayor\u00eda en la delegaci\u00f3n ecuatoriana al Parlamento Andino. Los representantes fueron electos el pasado domingo, 9 de febrero. Hoy, tomaron posesi\u00f3n\u00a0June Boh\u00f3rquez,\u00a0Rafael Rodr\u00edguez\u00a0y\u00a0M\u00f3nica Haro (ADN7), con\u00a0Virgilio Hern\u00e1ndez y Ver\u00f3nica Arias\u00a0(RC5). La ceremonia fue dirigida por el presidente del Parlamento,\u00a0Niels Olsen,\u00a0durante [&hellip;]<\/p>\n","protected":false},"author":1,"featured_media":12299,"comment_status":"open","ping_status":"open","sticky":false,"template":"","format":"standard","meta":{"footnotes":""},"categories":[12],"tags":[],"_links":{"self":[{"href":"https:\/\/infozamoraec.com\/index.php\/wp-json\/wp\/v2\/posts\/12298"}],"collection":[{"href":"https:\/\/infozamoraec.com\/index.php\/wp-json\/wp\/v2\/posts"}],"about":[{"href":"https:\/\/infozamoraec.com\/index.php\/wp-json\/wp\/v2\/types\/post"}],"author":[{"embeddable":true,"href":"https:\/\/infozamoraec.com\/index.php\/wp-json\/wp\/v2\/users\/1"}],"replies":[{"embeddable":true,"href":"https:\/\/infozamoraec.com\/index.php\/wp-json\/wp\/v2\/comments?post=12298"}],"version-history":[{"count":1,"href":"https:\/\/infozamoraec.com\/index.php\/wp-json\/wp\/v2\/posts\/12298\/revisions"}],"predecessor-version":[{"id":12300,"href":"https:\/\/infozamoraec.com\/index.php\/wp-json\/wp\/v2\/posts\/12298\/revisions\/12300"}],"wp:featuredmedia":[{"embeddable":true,"href":"https:\/\/infozamoraec.com\/index.php\/wp-json\/wp\/v2\/media\/12299"}],"wp:attachment":[{"href":"https:\/\/infozamoraec.com\/index.php\/wp-json\/wp\/v2\/media?parent=12298"}],"wp:term":[{"taxonomy":"category","embeddable":true,"href":"https:\/\/infozamoraec.com\/index.php\/wp-json\/wp\/v2\/categories?post=12298"},{"taxonomy":"post_tag","embeddable":true,"href":"https:\/\/infozamoraec.com\/index.php\/wp-json\/wp\/v2\/tags?post=12298"}],"curies":[{"name":"wp","href":"https:\/\/api.w.org\/{rel}","templated":true}]}}