{"id":12293,"date":"2025-05-20T01:07:32","date_gmt":"2025-05-20T01:07:32","guid":{"rendered":"https:\/\/infozamoraec.com\/?p=12293"},"modified":"2025-05-20T01:07:32","modified_gmt":"2025-05-20T01:07:32","slug":"olsen-ordeno-a-asambleistas-trabajar-24-7","status":"publish","type":"post","link":"https:\/\/infozamoraec.com\/index.php\/2025\/05\/20\/olsen-ordeno-a-asambleistas-trabajar-24-7\/","title":{"rendered":"Olsen orden\u00f3 a asamble\u00edstas trabajar 24\/7"},"content":{"rendered":"<p>Desde la capital, el presidente de la nueva Asamblea Nacional,\u00a0<strong><a title=\"\" href=\"https:\/\/x.com\/NielsOlsenP\" target=\"_blank\">Niels Olsen<\/a><\/strong>, orden\u00f3 este lunes, 19 de mayo, mediante sus redes sociales, a los<strong>\u00a0151 asamble\u00edstas a laborar de lunes a viernes.<\/strong><\/p>\n<p>Seg\u00fan\u00a0<strong><a title=\"\" href=\"https:\/\/www.larepublica.ec\/blog\/2025\/05\/19\/adn-predomina-comision-de-etica-en-asamblea\/\" target=\"_blank\" rel=\"noopener\">Olsen<\/a><\/strong>,\u00a0<strong>\u00ab\u00bfSesionar solo martes y jueves? Eso se acab\u00f3. Si los ecuatorianos trabajan toda la semana, sus representantes tambi\u00e9n. Para cobrar el sueldo del lunes, hay que trabajar el lunes\u00bb.<\/strong><\/p>\n<p><strong>\u00abA partir de ahora: 1.- Los Plenos ser\u00e1n los lunes, martes y mi\u00e9rcoles en la ma\u00f1ana. 2.- El trabajo en Comisiones Especializadas ser\u00e1n de lunes a viernes. Los viernes, en territorio con la gente. Esta s\u00ed es una Asamblea distinta\u00bb,\u00a0<\/strong>coment\u00f3.<\/p>\n<p>Desde que\u00a0<strong>Olsen<\/strong>\u00a0asumi\u00f3 la Presidencia del Legislativo, ha reestructurado a la vieja Asamblea, pues el pasado, 15 de mayo, a la 13:46, mediante sus cuentas oficiales, tambi\u00e9n mand\u00f3 al Parlamento a desbloquear a los internautas de sus redes sociales.<\/p>\n","protected":false},"excerpt":{"rendered":"<p>Desde la capital, el presidente de la nueva Asamblea Nacional,\u00a0Niels Olsen, orden\u00f3 este lunes, 19 de mayo, mediante sus redes sociales, a los\u00a0151 asamble\u00edstas a laborar de lunes a viernes. Seg\u00fan\u00a0Olsen,\u00a0\u00ab\u00bfSesionar solo martes y jueves? Eso se acab\u00f3. Si los ecuatorianos trabajan toda la semana, sus representantes tambi\u00e9n. Para cobrar el sueldo del lunes, hay [&hellip;]<\/p>\n","protected":false},"author":1,"featured_media":12294,"comment_status":"open","ping_status":"open","sticky":false,"template":"","format":"standard","meta":{"footnotes":""},"categories":[12],"tags":[],"_links":{"self":[{"href":"https:\/\/infozamoraec.com\/index.php\/wp-json\/wp\/v2\/posts\/12293"}],"collection":[{"href":"https:\/\/infozamoraec.com\/index.php\/wp-json\/wp\/v2\/posts"}],"about":[{"href":"https:\/\/infozamoraec.com\/index.php\/wp-json\/wp\/v2\/types\/post"}],"author":[{"embeddable":true,"href":"https:\/\/infozamoraec.com\/index.php\/wp-json\/wp\/v2\/users\/1"}],"replies":[{"embeddable":true,"href":"https:\/\/infozamoraec.com\/index.php\/wp-json\/wp\/v2\/comments?post=12293"}],"version-history":[{"count":1,"href":"https:\/\/infozamoraec.com\/index.php\/wp-json\/wp\/v2\/posts\/12293\/revisions"}],"predecessor-version":[{"id":12295,"href":"https:\/\/infozamoraec.com\/index.php\/wp-json\/wp\/v2\/posts\/12293\/revisions\/12295"}],"wp:featuredmedia":[{"embeddable":true,"href":"https:\/\/infozamoraec.com\/index.php\/wp-json\/wp\/v2\/media\/12294"}],"wp:attachment":[{"href":"https:\/\/infozamoraec.com\/index.php\/wp-json\/wp\/v2\/media?parent=12293"}],"wp:term":[{"taxonomy":"category","embeddable":true,"href":"https:\/\/infozamoraec.com\/index.php\/wp-json\/wp\/v2\/categories?post=12293"},{"taxonomy":"post_tag","embeddable":true,"href":"https:\/\/infozamoraec.com\/index.php\/wp-json\/wp\/v2\/tags?post=12293"}],"curies":[{"name":"wp","href":"https:\/\/api.w.org\/{rel}","templated":true}]}}