{"id":12290,"date":"2025-05-20T01:03:50","date_gmt":"2025-05-20T01:03:50","guid":{"rendered":"https:\/\/infozamoraec.com\/?p=12290"},"modified":"2025-05-20T01:03:50","modified_gmt":"2025-05-20T01:03:50","slug":"asamblea-de-lideres-mineros-exige-mayor-compromiso-del-gobierno-y-presencia-en-territorio","status":"publish","type":"post","link":"https:\/\/infozamoraec.com\/index.php\/2025\/05\/20\/asamblea-de-lideres-mineros-exige-mayor-compromiso-del-gobierno-y-presencia-en-territorio\/","title":{"rendered":"Asamblea de L\u00edderes Mineros exige mayor compromiso del Gobierno y presencia en territorio"},"content":{"rendered":"<p class=\"\" data-start=\"95\" data-end=\"585\">La <strong data-start=\"129\" data-end=\"174\">Asamblea de L\u00edderes Mineros y Autoridades<\/strong>, organizada por la <strong data-start=\"194\" data-end=\"243\">C\u00e1mara de Miner\u00eda de Zamora Chinchipe (CAMIZ)<\/strong>, se desarroll\u00f3 con la participaci\u00f3n de representantes del sector minero, quienes expusieron la <strong data-start=\"339\" data-end=\"415\">grave problem\u00e1tica que atraviesa la actividad extractiva en la provincia<\/strong>. Sin embargo, el evento estuvo marcado por la <strong data-start=\"462\" data-end=\"521\">notoria ausencia de autoridades oficialmente convocadas<\/strong>, lo que gener\u00f3 <strong data-start=\"537\" data-end=\"556\">rechazo un\u00e1nime<\/strong> por parte de los asistentes.<\/p>\n<p class=\"\" data-start=\"587\" data-end=\"777\">Durante el encuentro, los l\u00edderes mineros aprobaron una serie de resoluciones orientadas a exigir <strong data-start=\"685\" data-end=\"735\">mayor presencia y acci\u00f3n del Gobierno Nacional<\/strong>. Entre los principales puntos se destaca:<\/p>\n<ul data-start=\"779\" data-end=\"1451\">\n<li class=\"\" data-start=\"779\" data-end=\"913\">\n<p class=\"\" data-start=\"781\" data-end=\"913\"><strong data-start=\"781\" data-end=\"819\">Solicitud de visitas en territorio<\/strong> por parte de ministros competentes, para conocer de primera mano la situaci\u00f3n minera local.<\/p>\n<\/li>\n<li class=\"\" data-start=\"914\" data-end=\"1083\">\n<p class=\"\" data-start=\"916\" data-end=\"1083\"><strong data-start=\"916\" data-end=\"950\">Conformaci\u00f3n de mesas t\u00e9cnicas<\/strong> para impulsar un nuevo <strong data-start=\"974\" data-end=\"990\">censo minero<\/strong> y avanzar en la <strong data-start=\"1007\" data-end=\"1047\">regularizaci\u00f3n de t\u00edtulos pendientes<\/strong> desde el proceso <strong data-start=\"1065\" data-end=\"1080\">CEMINA 2010<\/strong>.<\/p>\n<\/li>\n<li class=\"\" data-start=\"1084\" data-end=\"1197\">\n<p class=\"\" data-start=\"1086\" data-end=\"1197\"><strong data-start=\"1086\" data-end=\"1130\">Evaluaci\u00f3n de la gesti\u00f3n de funcionarios<\/strong> del Ministerio del Ambiente y del Ministerio de Energ\u00eda y Minas.<\/p>\n<\/li>\n<li class=\"\" data-start=\"1198\" data-end=\"1312\">\n<p class=\"\" data-start=\"1200\" data-end=\"1312\"><strong data-start=\"1200\" data-end=\"1242\">Exigencia de responsabilidad ambiental<\/strong> a finqueros y operadores que han provocado afectaciones ecol\u00f3gicas.<\/p>\n<\/li>\n<li class=\"\" data-start=\"1313\" data-end=\"1451\">\n<p class=\"\" data-start=\"1315\" data-end=\"1451\"><strong data-start=\"1315\" data-end=\"1389\">Actualizaci\u00f3n del PDOT (Plan de Desarrollo y Ordenamiento Territorial)<\/strong> con el fin de <strong data-start=\"1404\" data-end=\"1450\">regular adecuadamente la miner\u00eda artesanal<\/strong>.<\/p>\n<\/li>\n<\/ul>\n<p class=\"\" data-start=\"1453\" data-end=\"1701\">Durante la asamblea, representantes de la empresa <strong data-start=\"1503\" data-end=\"1517\">Cumbaratza<\/strong> manifestaron su <strong data-start=\"1534\" data-end=\"1589\">disposici\u00f3n a continuar con el proceso de mediaci\u00f3n<\/strong> en la <strong data-start=\"1596\" data-end=\"1631\">Procuradur\u00eda General del Estado<\/strong>, mostrando apertura al di\u00e1logo y la b\u00fasqueda de soluciones conjuntas.<\/p>\n<p class=\"\" data-start=\"1703\" data-end=\"2057\">Todas las intervenciones respaldaron la postura del presidente de CAMIZ, <strong data-start=\"1776\" data-end=\"1791\">Pa\u00fal Pineda<\/strong>, quien insisti\u00f3 en que <strong data-start=\"1815\" data-end=\"1950\">el di\u00e1logo directo con las autoridades es fundamental para encontrar salidas viables a los conflictos que enfrenta el sector minero<\/strong>, especialmente en una provincia donde esta actividad representa una de las principales fuentes econ\u00f3micas.<\/p>\n<blockquote data-start=\"2059\" data-end=\"2192\">\n<p class=\"\" data-start=\"2061\" data-end=\"2192\">\u201cNo se puede politizar un tema que es social. La miner\u00eda en Zamora Chinchipe requiere soluciones, no indiferencia\u201d, subray\u00f3 Pineda.<\/p>\n<\/blockquote>\n<p class=\"\" data-start=\"2194\" data-end=\"2435\">Con estas resoluciones, los l\u00edderes mineros expresaron su firme intenci\u00f3n de <strong data-start=\"2271\" data-end=\"2322\">impulsar un desarrollo sostenible de la miner\u00eda<\/strong>, exigiendo <strong data-start=\"2334\" data-end=\"2388\">compromisos claros y acciones concretas del Estado<\/strong> en beneficio del territorio y sus comunidades. (Fuente: Caf\u00e9 radio)<\/p>\n","protected":false},"excerpt":{"rendered":"<p>La Asamblea de L\u00edderes Mineros y Autoridades, organizada por la C\u00e1mara de Miner\u00eda de Zamora Chinchipe (CAMIZ), se desarroll\u00f3 con la participaci\u00f3n de representantes del sector minero, quienes expusieron la grave problem\u00e1tica que atraviesa la actividad extractiva en la provincia. Sin embargo, el evento estuvo marcado por la notoria ausencia de autoridades oficialmente convocadas, lo [&hellip;]<\/p>\n","protected":false},"author":1,"featured_media":12291,"comment_status":"open","ping_status":"open","sticky":false,"template":"","format":"standard","meta":{"footnotes":""},"categories":[9],"tags":[],"_links":{"self":[{"href":"https:\/\/infozamoraec.com\/index.php\/wp-json\/wp\/v2\/posts\/12290"}],"collection":[{"href":"https:\/\/infozamoraec.com\/index.php\/wp-json\/wp\/v2\/posts"}],"about":[{"href":"https:\/\/infozamoraec.com\/index.php\/wp-json\/wp\/v2\/types\/post"}],"author":[{"embeddable":true,"href":"https:\/\/infozamoraec.com\/index.php\/wp-json\/wp\/v2\/users\/1"}],"replies":[{"embeddable":true,"href":"https:\/\/infozamoraec.com\/index.php\/wp-json\/wp\/v2\/comments?post=12290"}],"version-history":[{"count":1,"href":"https:\/\/infozamoraec.com\/index.php\/wp-json\/wp\/v2\/posts\/12290\/revisions"}],"predecessor-version":[{"id":12292,"href":"https:\/\/infozamoraec.com\/index.php\/wp-json\/wp\/v2\/posts\/12290\/revisions\/12292"}],"wp:featuredmedia":[{"embeddable":true,"href":"https:\/\/infozamoraec.com\/index.php\/wp-json\/wp\/v2\/media\/12291"}],"wp:attachment":[{"href":"https:\/\/infozamoraec.com\/index.php\/wp-json\/wp\/v2\/media?parent=12290"}],"wp:term":[{"taxonomy":"category","embeddable":true,"href":"https:\/\/infozamoraec.com\/index.php\/wp-json\/wp\/v2\/categories?post=12290"},{"taxonomy":"post_tag","embeddable":true,"href":"https:\/\/infozamoraec.com\/index.php\/wp-json\/wp\/v2\/tags?post=12290"}],"curies":[{"name":"wp","href":"https:\/\/api.w.org\/{rel}","templated":true}]}}