{"id":12287,"date":"2025-05-20T00:56:08","date_gmt":"2025-05-20T00:56:08","guid":{"rendered":"https:\/\/infozamoraec.com\/?p=12287"},"modified":"2025-05-20T00:56:08","modified_gmt":"2025-05-20T00:56:08","slug":"tres-heridos-tras-accidente-de-transito-en-la-via-nambija-los-laureles","status":"publish","type":"post","link":"https:\/\/infozamoraec.com\/index.php\/2025\/05\/20\/tres-heridos-tras-accidente-de-transito-en-la-via-nambija-los-laureles\/","title":{"rendered":"Tres heridos tras accidente de tr\u00e1nsito en la v\u00eda Nambija\u2013 Los Laureles"},"content":{"rendered":"<p class=\"\" data-start=\"92\" data-end=\"403\">La <strong data-start=\"126\" data-end=\"158\">Polic\u00eda Nacional del Ecuador<\/strong>,\u00a0 <strong data-start=\"175\" data-end=\"210\">Subzona Zamora Chinchipe N.\u00ba 19<\/strong>, atendi\u00f3 un <strong data-start=\"223\" data-end=\"248\">accidente de tr\u00e1nsito<\/strong> registrado aproximadamente a las <strong data-start=\"282\" data-end=\"291\">10h15<\/strong> de este domingo, en la v\u00eda <strong data-start=\"319\" data-end=\"339\">Nambija\u2013Laureles<\/strong>, sector conocido como <strong data-start=\"362\" data-end=\"377\">La Garganta<\/strong>, en el cant\u00f3n <strong data-start=\"392\" data-end=\"402\" data-is-only-node=\"\">Zamora<\/strong>.<\/p>\n<p class=\"\" data-start=\"405\" data-end=\"663\">Al llegar al lugar, los agentes policiales constataron que se trataba de un accidente por\u00a0 <strong data-start=\"539\" data-end=\"575\">p\u00e9rdida de carril en circulaci\u00f3n<\/strong>,\u00a0 que involucr\u00f3\u00a0 a un <strong data-start=\"595\" data-end=\"619\">veh\u00edculo tipo Vitara<\/strong>, color <strong data-start=\"627\" data-end=\"637\">blanco<\/strong>, con placas <b>de Pichincha<\/b><\/p>\n<p class=\"\" data-start=\"405\" data-end=\"663\">Seg\u00fan la informaci\u00f3n proporcionada por la Polic\u00eda Nacional, el <strong data-start=\"711\" data-end=\"755\">conductor del veh\u00edculo no fue encontrado<\/strong> en el lugar, mientras que <strong data-start=\"782\" data-end=\"807\">tres personas heridas<\/strong> fueron trasladadas previamente al <strong data-start=\"842\" data-end=\"878\">Hospital General Julius Doepfner<\/strong> de la ciudad de\u00a0 Zamora para su atenci\u00f3n m\u00e9dica.<\/p>\n<p class=\"\" data-start=\"905\" data-end=\"1321\">Dada la <strong data-start=\"913\" data-end=\"939\">complejidad geogr\u00e1fica<\/strong> y las <strong data-start=\"946\" data-end=\"981\">condiciones clim\u00e1ticas adversas<\/strong>, las autoridades coordinaron el uso de una <strong data-start=\"1025\" data-end=\"1044\">gr\u00faa particular<\/strong> para el rescate del automotor accidentado. Posteriormente, el veh\u00edculo fue <strong data-start=\"1120\" data-end=\"1239\">retenido y trasladado a los Patios de Retenci\u00f3n Vehicular de la Jefatura Provincial de Tr\u00e1nsito de Zamora Chinchipe<\/strong>, quedando a \u00f3rdenes de la autoridad competente para las investigaciones de rigor.<\/p>\n<p class=\"\" data-start=\"1323\" data-end=\"1548\">La Polic\u00eda Nacional reiter\u00f3 el llamado a los conductores a circular con <strong data-start=\"1395\" data-end=\"1493\">precauci\u00f3n, especialmente en zonas de dif\u00edcil acceso y durante condiciones clim\u00e1ticas adversas<\/strong>, como medida para prevenir nuevos siniestros viales.<\/p>\n","protected":false},"excerpt":{"rendered":"<p>La Polic\u00eda Nacional del Ecuador,\u00a0 Subzona Zamora Chinchipe N.\u00ba 19, atendi\u00f3 un accidente de tr\u00e1nsito registrado aproximadamente a las 10h15 de este domingo, en la v\u00eda Nambija\u2013Laureles, sector conocido como La Garganta, en el cant\u00f3n Zamora. Al llegar al lugar, los agentes policiales constataron que se trataba de un accidente por\u00a0 p\u00e9rdida de carril en [&hellip;]<\/p>\n","protected":false},"author":1,"featured_media":12288,"comment_status":"open","ping_status":"open","sticky":false,"template":"","format":"standard","meta":{"footnotes":""},"categories":[9],"tags":[],"_links":{"self":[{"href":"https:\/\/infozamoraec.com\/index.php\/wp-json\/wp\/v2\/posts\/12287"}],"collection":[{"href":"https:\/\/infozamoraec.com\/index.php\/wp-json\/wp\/v2\/posts"}],"about":[{"href":"https:\/\/infozamoraec.com\/index.php\/wp-json\/wp\/v2\/types\/post"}],"author":[{"embeddable":true,"href":"https:\/\/infozamoraec.com\/index.php\/wp-json\/wp\/v2\/users\/1"}],"replies":[{"embeddable":true,"href":"https:\/\/infozamoraec.com\/index.php\/wp-json\/wp\/v2\/comments?post=12287"}],"version-history":[{"count":1,"href":"https:\/\/infozamoraec.com\/index.php\/wp-json\/wp\/v2\/posts\/12287\/revisions"}],"predecessor-version":[{"id":12289,"href":"https:\/\/infozamoraec.com\/index.php\/wp-json\/wp\/v2\/posts\/12287\/revisions\/12289"}],"wp:featuredmedia":[{"embeddable":true,"href":"https:\/\/infozamoraec.com\/index.php\/wp-json\/wp\/v2\/media\/12288"}],"wp:attachment":[{"href":"https:\/\/infozamoraec.com\/index.php\/wp-json\/wp\/v2\/media?parent=12287"}],"wp:term":[{"taxonomy":"category","embeddable":true,"href":"https:\/\/infozamoraec.com\/index.php\/wp-json\/wp\/v2\/categories?post=12287"},{"taxonomy":"post_tag","embeddable":true,"href":"https:\/\/infozamoraec.com\/index.php\/wp-json\/wp\/v2\/tags?post=12287"}],"curies":[{"name":"wp","href":"https:\/\/api.w.org\/{rel}","templated":true}]}}