{"id":12284,"date":"2025-05-20T00:49:31","date_gmt":"2025-05-20T00:49:31","guid":{"rendered":"https:\/\/infozamoraec.com\/?p=12284"},"modified":"2025-05-20T00:49:31","modified_gmt":"2025-05-20T00:49:31","slug":"policia-captura-a-presunto-agresor-con-arma-blanca-en-paquisha","status":"publish","type":"post","link":"https:\/\/infozamoraec.com\/index.php\/2025\/05\/20\/policia-captura-a-presunto-agresor-con-arma-blanca-en-paquisha\/","title":{"rendered":"Polic\u00eda captura a presunto agresor con arma blanca en Paquisha"},"content":{"rendered":"<p class=\"\" data-start=\"68\" data-end=\"452\">En una r\u00e1pida y efectiva acci\u00f3n investigativa, la <strong data-start=\"170\" data-end=\"202\">Polic\u00eda Nacional del Ecuador<\/strong>, a trav\u00e9s de la <strong data-start=\"219\" data-end=\"247\">Subzona Zamora Chinchipe<\/strong>, logr\u00f3 la <strong data-start=\"258\" data-end=\"289\">aprehensi\u00f3n de un ciudadano<\/strong> presuntamente implicado en la <strong data-start=\"320\" data-end=\"363\">agresi\u00f3n con arma blanca a dos personas<\/strong> en el cant\u00f3n <strong data-start=\"377\" data-end=\"389\">Paquisha<\/strong>, en un hecho ocurrido la <strong data-start=\"415\" data-end=\"451\">tarde de este domingo 18 de mayo<\/strong>.<\/p>\n<p class=\"\" data-start=\"454\" data-end=\"750\">Gracias al trabajo coordinado de las unidades policiales, y con base en <strong data-start=\"526\" data-end=\"569\">informaci\u00f3n proporcionada por moradores<\/strong> del sector, as\u00ed como al <strong data-start=\"594\" data-end=\"616\">an\u00e1lisis de videos<\/strong> difundidos en redes sociales, el sospechoso fue localizado <strong data-start=\"676\" data-end=\"715\">escondido en el interior de un ba\u00f1o<\/strong> dentro del edificio donde resid\u00eda.<\/p>\n<p class=\"\" data-start=\"752\" data-end=\"939\">Durante el procedimiento, los uniformados encontraron <strong data-start=\"806\" data-end=\"881\">ropa que coincide con la utilizada por el agresor al momento del ataque<\/strong>, lo cual constituye un indicio clave en la investigaci\u00f3n.<\/p>\n<h3 class=\"\" data-start=\"941\" data-end=\"954\">Detenido:<\/h3>\n<ul data-start=\"956\" data-end=\"1050\">\n<li class=\"\" data-start=\"956\" data-end=\"1050\">\n<p class=\"\" data-start=\"958\" data-end=\"1050\"><strong data-start=\"958\" data-end=\"973\">Jes\u00fas G. M.<\/strong>, de <strong data-start=\"978\" data-end=\"989\">21 a\u00f1os<\/strong>, <strong data-start=\"991\" data-end=\"1019\">nacionalidad ecuatoriana<\/strong>, sin <strong data-start=\"1025\" data-end=\"1049\">antecedentes penales<\/strong>.<\/p>\n<\/li>\n<\/ul>\n<p class=\"\" data-start=\"1052\" data-end=\"1404\">Los hechos se produjeron como consecuencia de una <strong data-start=\"1102\" data-end=\"1110\">ri\u00f1a<\/strong>, en la cual dos ciudadanos resultaron heridos por el uso de un arma blanca. El ahora aprehendido fue trasladado a una <strong data-start=\"1229\" data-end=\"1269\">casa de salud para valoraci\u00f3n m\u00e9dica<\/strong>, conforme a los protocolos establecidos, y posteriormente <strong data-start=\"1328\" data-end=\"1379\">puesto a \u00f3rdenes de las autoridades competentes<\/strong> para su judicializaci\u00f3n.<\/p>\n<p class=\"\" data-start=\"1406\" data-end=\"1618\">La <strong data-start=\"1409\" data-end=\"1441\">Polic\u00eda Nacional del Ecuador<\/strong> reiter\u00f3 su compromiso de <strong data-start=\"1467\" data-end=\"1524\">actuar con firmeza, eficacia y dentro del marco legal<\/strong> para garantizar la seguridad ciudadana y mantener el orden p\u00fablico en el territorio nacional.<\/p>\n","protected":false},"excerpt":{"rendered":"<p>En una r\u00e1pida y efectiva acci\u00f3n investigativa, la Polic\u00eda Nacional del Ecuador, a trav\u00e9s de la Subzona Zamora Chinchipe, logr\u00f3 la aprehensi\u00f3n de un ciudadano presuntamente implicado en la agresi\u00f3n con arma blanca a dos personas en el cant\u00f3n Paquisha, en un hecho ocurrido la tarde de este domingo 18 de mayo. Gracias al trabajo [&hellip;]<\/p>\n","protected":false},"author":1,"featured_media":12285,"comment_status":"open","ping_status":"open","sticky":false,"template":"","format":"standard","meta":{"footnotes":""},"categories":[9],"tags":[],"_links":{"self":[{"href":"https:\/\/infozamoraec.com\/index.php\/wp-json\/wp\/v2\/posts\/12284"}],"collection":[{"href":"https:\/\/infozamoraec.com\/index.php\/wp-json\/wp\/v2\/posts"}],"about":[{"href":"https:\/\/infozamoraec.com\/index.php\/wp-json\/wp\/v2\/types\/post"}],"author":[{"embeddable":true,"href":"https:\/\/infozamoraec.com\/index.php\/wp-json\/wp\/v2\/users\/1"}],"replies":[{"embeddable":true,"href":"https:\/\/infozamoraec.com\/index.php\/wp-json\/wp\/v2\/comments?post=12284"}],"version-history":[{"count":1,"href":"https:\/\/infozamoraec.com\/index.php\/wp-json\/wp\/v2\/posts\/12284\/revisions"}],"predecessor-version":[{"id":12286,"href":"https:\/\/infozamoraec.com\/index.php\/wp-json\/wp\/v2\/posts\/12284\/revisions\/12286"}],"wp:featuredmedia":[{"embeddable":true,"href":"https:\/\/infozamoraec.com\/index.php\/wp-json\/wp\/v2\/media\/12285"}],"wp:attachment":[{"href":"https:\/\/infozamoraec.com\/index.php\/wp-json\/wp\/v2\/media?parent=12284"}],"wp:term":[{"taxonomy":"category","embeddable":true,"href":"https:\/\/infozamoraec.com\/index.php\/wp-json\/wp\/v2\/categories?post=12284"},{"taxonomy":"post_tag","embeddable":true,"href":"https:\/\/infozamoraec.com\/index.php\/wp-json\/wp\/v2\/tags?post=12284"}],"curies":[{"name":"wp","href":"https:\/\/api.w.org\/{rel}","templated":true}]}}