{"id":12275,"date":"2025-05-17T16:54:54","date_gmt":"2025-05-17T16:54:54","guid":{"rendered":"https:\/\/infozamoraec.com\/?p=12275"},"modified":"2025-05-17T16:55:32","modified_gmt":"2025-05-17T16:55:32","slug":"operativo-tsunami-antidelincuencial-6-0-deja-dos-aprehendidos-en-palanda","status":"publish","type":"post","link":"https:\/\/infozamoraec.com\/index.php\/2025\/05\/17\/operativo-tsunami-antidelincuencial-6-0-deja-dos-aprehendidos-en-palanda\/","title":{"rendered":"Operativo \u201cTsunami Antidelincuencial 6.0\u201d deja dos aprehendidos en Palanda"},"content":{"rendered":"<p class=\"\" data-start=\"119\" data-end=\"483\">En el marco del <strong data-start=\"186\" data-end=\"231\">Operativo \u201cTsunami Antidelincuencial 6.0\u201d<\/strong>, ejecutado por la <strong data-start=\"250\" data-end=\"293\">Polic\u00eda Judicial<\/strong>, se logr\u00f3 la <strong data-start=\"307\" data-end=\"340\">aprehensi\u00f3n de dos ciudadanos <\/strong>\u00a0por el presunto delito de <strong data-start=\"367\" data-end=\"405\">transporte ilegal de hidrocarburos<\/strong>, tipificado en el <strong data-start=\"424\" data-end=\"482\">Art\u00edculo 265 del C\u00f3digo Org\u00e1nico Integral Penal (COIP)<\/strong>.<\/p>\n<p class=\"\" data-start=\"485\" data-end=\"736\">El procedimiento se realiz\u00f3 en la v\u00eda Yangana <b>&#8211;<\/b>\u00a0<strong data-start=\"548\" data-end=\"559\">Palanda<\/strong>,\u00a0como parte de las acciones de control y patrullaje en esta zona fronteriza de la provincia de <strong data-start=\"715\" data-end=\"735\">Zamora Chinchipe<\/strong>.<\/p>\n<h3 class=\"\" data-start=\"738\" data-end=\"755\">Aprehendidos:<\/h3>\n<ul data-start=\"757\" data-end=\"958\">\n<li class=\"\" data-start=\"757\" data-end=\"855\">\n<p class=\"\" data-start=\"759\" data-end=\"855\"><strong data-start=\"759\" data-end=\"788\">Ronald Wilfrido S. A.<\/strong>\u00a0de 47 a\u00f1os, nacionalidad ecuatoriana, sin antecedentes penales.<\/p>\n<\/li>\n<li class=\"\" data-start=\"856\" data-end=\"958\">\n<p class=\"\" data-start=\"858\" data-end=\"958\"><strong data-start=\"858\" data-end=\"893\">Guido Stiben B. S.<\/strong>\u00a0de 27 a\u00f1os, nacionalidad ecuatoriana, sin antecedentes penales.<\/p>\n<\/li>\n<\/ul>\n<h3 class=\"\" data-start=\"960\" data-end=\"996\">Indicios asociativos incautados:<\/h3>\n<ul data-start=\"998\" data-end=\"1436\">\n<li class=\"\" data-start=\"998\" data-end=\"1267\">\n<p class=\"\" data-start=\"1000\" data-end=\"1267\"><strong data-start=\"1000\" data-end=\"1024\">1 cami\u00f3n tipo furg\u00f3n<\/strong>, color blanco,\u00a0marca <strong data-start=\"1067\" data-end=\"1074\">JAC<\/strong>, que conten\u00eda en su parte posterior una <strong data-start=\"1115\" data-end=\"1160\">cisterna blanca con refuerzos de aluminio<\/strong> que transportaba <strong data-start=\"1178\" data-end=\"1238\">aproximadamente 250 galones de una sustancia amarillenta<\/strong>, presumiblemente <strong data-start=\"1256\" data-end=\"1266\">di\u00e9sel<\/strong>.<\/p>\n<\/li>\n<li class=\"\" data-start=\"1269\" data-end=\"1436\">\n<p class=\"\" data-start=\"1271\" data-end=\"1295\"><strong data-start=\"1271\" data-end=\"1294\">2 tel\u00e9fonos m\u00f3viles<\/strong>:<\/p>\n<\/li>\n<\/ul>\n<p class=\"\" data-start=\"1438\" data-end=\"1673\">Los indicios fueron ingresados al <strong data-start=\"1472\" data-end=\"1533\">Centro de Acopio de Indicios y Evidencias (CAIE) de Zumba<\/strong>, mientras que los ciudadanos fueron puestos a \u00f3rdenes de la <strong data-start=\"1594\" data-end=\"1618\">autoridad competente<\/strong>, conforme lo establece el procedimiento legal vigente.<\/p>\n<p class=\"\" data-start=\"1675\" data-end=\"1913\">Este operativo forma parte de los esfuerzos nacionales por <strong data-start=\"1734\" data-end=\"1822\">combatir el contrabando de combustibles y proteger los recursos energ\u00e9ticos del pa\u00eds<\/strong>, especialmente en zonas fronterizas donde se ha identificado actividad il\u00edcita recurrente.<\/p>\n<p class=\"\" data-start=\"1915\" data-end=\"2080\">La Polic\u00eda Nacional reafirma su compromiso de seguir actuando con firmeza para garantizar la seguridad y el respeto al orden legal en todo el territorio ecuatoriano.<\/p>\n","protected":false},"excerpt":{"rendered":"<p>En el marco del Operativo \u201cTsunami Antidelincuencial 6.0\u201d, ejecutado por la Polic\u00eda Judicial, se logr\u00f3 la aprehensi\u00f3n de dos ciudadanos \u00a0por el presunto delito de transporte ilegal de hidrocarburos, tipificado en el Art\u00edculo 265 del C\u00f3digo Org\u00e1nico Integral Penal (COIP). El procedimiento se realiz\u00f3 en la v\u00eda Yangana &#8211;\u00a0Palanda,\u00a0como parte de las acciones de control [&hellip;]<\/p>\n","protected":false},"author":1,"featured_media":12276,"comment_status":"open","ping_status":"open","sticky":false,"template":"","format":"standard","meta":{"footnotes":""},"categories":[9],"tags":[],"_links":{"self":[{"href":"https:\/\/infozamoraec.com\/index.php\/wp-json\/wp\/v2\/posts\/12275"}],"collection":[{"href":"https:\/\/infozamoraec.com\/index.php\/wp-json\/wp\/v2\/posts"}],"about":[{"href":"https:\/\/infozamoraec.com\/index.php\/wp-json\/wp\/v2\/types\/post"}],"author":[{"embeddable":true,"href":"https:\/\/infozamoraec.com\/index.php\/wp-json\/wp\/v2\/users\/1"}],"replies":[{"embeddable":true,"href":"https:\/\/infozamoraec.com\/index.php\/wp-json\/wp\/v2\/comments?post=12275"}],"version-history":[{"count":1,"href":"https:\/\/infozamoraec.com\/index.php\/wp-json\/wp\/v2\/posts\/12275\/revisions"}],"predecessor-version":[{"id":12277,"href":"https:\/\/infozamoraec.com\/index.php\/wp-json\/wp\/v2\/posts\/12275\/revisions\/12277"}],"wp:featuredmedia":[{"embeddable":true,"href":"https:\/\/infozamoraec.com\/index.php\/wp-json\/wp\/v2\/media\/12276"}],"wp:attachment":[{"href":"https:\/\/infozamoraec.com\/index.php\/wp-json\/wp\/v2\/media?parent=12275"}],"wp:term":[{"taxonomy":"category","embeddable":true,"href":"https:\/\/infozamoraec.com\/index.php\/wp-json\/wp\/v2\/categories?post=12275"},{"taxonomy":"post_tag","embeddable":true,"href":"https:\/\/infozamoraec.com\/index.php\/wp-json\/wp\/v2\/tags?post=12275"}],"curies":[{"name":"wp","href":"https:\/\/api.w.org\/{rel}","templated":true}]}}