{"id":12265,"date":"2025-05-17T16:25:17","date_gmt":"2025-05-17T16:25:17","guid":{"rendered":"https:\/\/infozamoraec.com\/?p=12265"},"modified":"2025-05-17T16:25:17","modified_gmt":"2025-05-17T16:25:17","slug":"bus-interprovincial-nambija-es-atacado-a-balazos-en-la-via-puyo-macas-pasajeros-vivieron-momentos-de-terror","status":"publish","type":"post","link":"https:\/\/infozamoraec.com\/index.php\/2025\/05\/17\/bus-interprovincial-nambija-es-atacado-a-balazos-en-la-via-puyo-macas-pasajeros-vivieron-momentos-de-terror\/","title":{"rendered":"Bus interprovincial Nambija es atacado a balazos en la v\u00eda Puyo\u2013Macas: pasajeros vivieron momentos de terror"},"content":{"rendered":"<p class=\"\" data-start=\"114\" data-end=\"416\">La <strong data-start=\"149\" data-end=\"177\">madrugada de este s\u00e1bado<\/strong>, un bus interprovincial de la <strong data-start=\"208\" data-end=\"246\">Cooperativa de Transportes Nambija<\/strong>, que cubr\u00eda la ruta <strong data-start=\"267\" data-end=\"281\">Quito\u2013Loja<\/strong>, fue <strong data-start=\"287\" data-end=\"308\">atacado a balazos<\/strong> por presuntos delincuentes armados mientras circulaba por la <strong data-start=\"370\" data-end=\"388\">v\u00eda Puyo\u2013Macas<\/strong>, en la amazonia ecuatoriana.<\/p>\n<p class=\"\" data-start=\"418\" data-end=\"802\">El veh\u00edculo hab\u00eda salido de Quito a las <strong data-start=\"458\" data-end=\"479\">20:00 del viernes<\/strong> y, seg\u00fan relataron los pasajeros, el hecho ocurri\u00f3 cuando <strong data-start=\"538\" data-end=\"586\">sujetos armados intentaron detener la unidad<\/strong> en un tramo solitario de la carretera. Al no lograr que el conductor se detuviera, los delincuentes <strong data-start=\"687\" data-end=\"733\">abrieron fuego contra el bus en movimiento<\/strong>, provocando momentos de p\u00e1nico y desesperaci\u00f3n dentro del automotor.<\/p>\n<blockquote data-start=\"804\" data-end=\"960\">\n<p class=\"\" data-start=\"806\" data-end=\"960\">\u201cEl chofer no par\u00f3, aceler\u00f3 y fue cuando empezaron los disparos. Todos nos tiramos al piso\u201d, relat\u00f3 uno de los pasajeros, a\u00fan consternado por lo ocurrido.<\/p>\n<\/blockquote>\n<p class=\"\" data-start=\"962\" data-end=\"1154\">Afortunadamente, <strong data-start=\"979\" data-end=\"1008\">no se registraron heridos<\/strong>, aunque el veh\u00edculo present\u00f3 impactos de bala en su carrocer\u00eda. El r\u00e1pido accionar del conductor evit\u00f3 lo que pudo haber sido una tragedia mayor.<\/p>\n<p class=\"\" data-start=\"1156\" data-end=\"1392\">Este nuevo hecho <strong data-start=\"1173\" data-end=\"1242\">vuelve a evidenciar la creciente inseguridad en las v\u00edas del pa\u00eds<\/strong>, especialmente en las rutas de la Amazonia\u00a0 ecuatoriana, donde han aumentado los reportes de asaltos y ataques a veh\u00edculos de transporte interprovincial.<\/p>\n<p class=\"\" data-start=\"1394\" data-end=\"1620\">La <strong data-start=\"1397\" data-end=\"1417\">Polic\u00eda Nacional<\/strong> ha iniciado una investigaci\u00f3n para identificar y capturar a los responsables del ataque. Equipos especializados ya se encuentran levantando indicios y revisando c\u00e1maras de vigilancia en los alrededores.<\/p>\n<p class=\"\" data-start=\"1622\" data-end=\"1844\">Las autoridades hicieron un llamado a las cooperativas de transporte a <strong data-start=\"1693\" data-end=\"1742\">mantener comunicaci\u00f3n constante con el ECU911<\/strong> durante sus recorridos y solicitar <strong data-start=\"1778\" data-end=\"1805\">acompa\u00f1amiento policial<\/strong> en tramos considerados de alto riesgo.<\/p>\n","protected":false},"excerpt":{"rendered":"<p>La madrugada de este s\u00e1bado, un bus interprovincial de la Cooperativa de Transportes Nambija, que cubr\u00eda la ruta Quito\u2013Loja, fue atacado a balazos por presuntos delincuentes armados mientras circulaba por la v\u00eda Puyo\u2013Macas, en la amazonia ecuatoriana. El veh\u00edculo hab\u00eda salido de Quito a las 20:00 del viernes y, seg\u00fan relataron los pasajeros, el hecho [&hellip;]<\/p>\n","protected":false},"author":1,"featured_media":12266,"comment_status":"open","ping_status":"open","sticky":false,"template":"","format":"standard","meta":{"footnotes":""},"categories":[9],"tags":[],"_links":{"self":[{"href":"https:\/\/infozamoraec.com\/index.php\/wp-json\/wp\/v2\/posts\/12265"}],"collection":[{"href":"https:\/\/infozamoraec.com\/index.php\/wp-json\/wp\/v2\/posts"}],"about":[{"href":"https:\/\/infozamoraec.com\/index.php\/wp-json\/wp\/v2\/types\/post"}],"author":[{"embeddable":true,"href":"https:\/\/infozamoraec.com\/index.php\/wp-json\/wp\/v2\/users\/1"}],"replies":[{"embeddable":true,"href":"https:\/\/infozamoraec.com\/index.php\/wp-json\/wp\/v2\/comments?post=12265"}],"version-history":[{"count":1,"href":"https:\/\/infozamoraec.com\/index.php\/wp-json\/wp\/v2\/posts\/12265\/revisions"}],"predecessor-version":[{"id":12267,"href":"https:\/\/infozamoraec.com\/index.php\/wp-json\/wp\/v2\/posts\/12265\/revisions\/12267"}],"wp:featuredmedia":[{"embeddable":true,"href":"https:\/\/infozamoraec.com\/index.php\/wp-json\/wp\/v2\/media\/12266"}],"wp:attachment":[{"href":"https:\/\/infozamoraec.com\/index.php\/wp-json\/wp\/v2\/media?parent=12265"}],"wp:term":[{"taxonomy":"category","embeddable":true,"href":"https:\/\/infozamoraec.com\/index.php\/wp-json\/wp\/v2\/categories?post=12265"},{"taxonomy":"post_tag","embeddable":true,"href":"https:\/\/infozamoraec.com\/index.php\/wp-json\/wp\/v2\/tags?post=12265"}],"curies":[{"name":"wp","href":"https:\/\/api.w.org\/{rel}","templated":true}]}}