{"id":12250,"date":"2025-05-16T02:06:54","date_gmt":"2025-05-16T02:06:54","guid":{"rendered":"https:\/\/infozamoraec.com\/?p=12250"},"modified":"2025-05-16T02:07:29","modified_gmt":"2025-05-16T02:07:29","slug":"asamblea-nacional-entra-al-reparto-de-espacios-en-las-quince-comisiones-permanentes","status":"publish","type":"post","link":"https:\/\/infozamoraec.com\/index.php\/2025\/05\/16\/asamblea-nacional-entra-al-reparto-de-espacios-en-las-quince-comisiones-permanentes\/","title":{"rendered":"Asamblea Nacional entra al reparto de espacios en las quince comisiones permanentes"},"content":{"rendered":"<p>La bancada oficialista Acci\u00f3n Democr\u00e1tica Nacional (ADN) pondr\u00e1 a prueba la solidez de su mayor\u00eda legislativa en el reparto de los espacios en quince comisiones especializadas permanentes entre los 150 legisladores que integran la actual Legislatura, a excepci\u00f3n del presidente, Niels Olsen.<\/p>\n<p>La sesi\u00f3n con ese fin fue convocada por Olsen para este viernes, 16 de mayo, a las 15:00.<\/p>\n<p>Las negociaciones pol\u00edticas del Gobierno con sus aliados y los sectores de Pachakutik e independientes se mantienen para tratar de asegurar la votaci\u00f3n que supere los 77 votos que se necesitan para aprobar la moci\u00f3n. Por el momento, el sector oficialista ha realizado al menos tres ajustes a la distribuci\u00f3n de los espacios en cada mesa, que sufrieron alteraciones tras la primera sesi\u00f3n plenaria de instalaci\u00f3n.<\/p>\n<p>&nbsp;<\/p>\n<p>La bancada de ADN entra a las negociaciones con 70 votos seguros: 66 asamble\u00edstas electos por la lista 7, m\u00e1s cuatro que logr\u00f3 agrupar \u2014Steven Ord\u00f3\u00f1ez (movimiento SUR de El Oro), Pablo Jurado (Construye), M\u00f3nica Salazar (antes RC) y Samuel C\u00e9lleri (antes PSC)\u2014.<\/p>\n<p>A ese grupo se sumar\u00edan los tres votos que Pachakutik tiene en la Amazon\u00eda: Jos\u00e9 Nango, Edmundo Cerda y Fernando Nantipia, que podr\u00edan subir a seis si en las negociaciones aseguran el apoyo de Carmen Tiupul, elegida segunda vicepresidenta, Cecilia Baltazar y Manuel Choro. Tambi\u00e9n constar\u00eda el voto de Juan Gonzaga, representante independiente de Sucumb\u00edos.<\/p>\n<p>Fuera de este grupo quedar\u00edan los tres legisladores del Partido Social Cristiano (PSC): Alfredo Serrano, Otto Vera y Jhonny Ter\u00e1n.<\/p>\n<p>Son 150 espacios que deben repartirse en quince comisiones especializadas permanentes y, seg\u00fan la norma legislativa, cada legislador debe estar representado en una de acuerdo con la tem\u00e1tica. Quien no tendr\u00e1 comisi\u00f3n es el presidente de la Legislatura, Niels Olsen, pero s\u00ed las dos vicepresidentas y los cuatro vocales del Consejo de la Administraci\u00f3n Legislativa (CAL).<\/p>\n<p>Las comisiones tratan varias tem\u00e1ticas y se distribuyen de la siguiente manera: Justicia y Estructura del Estado; Derecho al Trabajo y a la Seguridad Social; R\u00e9gimen Econ\u00f3mico y Tributario; Desarrollo Econ\u00f3mico, Productivo y la Microempresa; Relaciones Internacionales y Movilidad Humana; Biodiversidad y Recursos Naturales; Soberan\u00eda Alimentaria y Desarrollo del Sector Agropecuario y Pesquero; y Gobiernos Aut\u00f3nomos, Descentralizaci\u00f3n, Competencias y Organizaci\u00f3n del Territorio.<\/p>\n<p>En el listado existen tambi\u00e9n las mesas de Educaci\u00f3n, Cultura, Ciencia, Tecnolog\u00eda, Innovaci\u00f3n y Saberes Ancestrales; Derecho a la Salud y Deporte; Transparencia, Participaci\u00f3n Ciudadana y Control Social; Garant\u00edas Constitucionales, Derechos Humanos, Derechos Colectivos y la Interculturalidad; Soberan\u00eda, Integraci\u00f3n y Seguridad Integral; Protecci\u00f3n Integral a Ni\u00f1as, Ni\u00f1os y Adolescentes; y de Fiscalizaci\u00f3n y Control Pol\u00edtico.<\/p>\n<p>De este listado de comisiones, al bloque oficialista ADN y sus aliados les interesa captar mayor\u00edas al menos en las comisiones que tratan asuntos tributarios, desarrollo econ\u00f3mico, justicia, fiscalizaci\u00f3n y control pol\u00edtico, gobiernos aut\u00f3nomos descentralizados, seguridad integral, trabajo y seguridad social, soberan\u00eda y relaciones internacionales; es decir, aquellas en donde se topan los asuntos que pueden viabilizar las promesas de campa\u00f1a del Gobierno.<\/p>\n<p><strong>El asamble\u00edsta Pablo Jurado, aliado a la bancada ADN<\/strong>, dijo que los legisladores ser\u00e1 ubicados en las comisiones de acuerdo con su aspiraci\u00f3n.<\/p>\n<p>En su caso, espera ocupar un espacio en la mesa de Gobiernos Aut\u00f3nomos Descentralizados, sin descartar la presidencia o vicepresidencia en la mesa.<\/p>\n<p>Jurado, representante de Imbabura, manifest\u00f3 que todos los asamble\u00edstas deben estar dentro de las comisiones, pero es posible que no todos los que aspiran a ser presidentes de las mesas lleguen a serlo.<\/p>\n<p><strong>Jaime Estrada, asamble\u00edsta de Manab\u00ed por la RC,<\/strong>\u00a0cuestion\u00f3 el arranque que tuvo el actual periodo legislativo y reclam\u00f3 que no se le permiti\u00f3 la posibilidad de participar en el pleno.<\/p>\n<p>Respecto a la sesi\u00f3n plenaria de este viernes, \u00e9l coment\u00f3 que es el Gobierno quien tiene todas las cartas y es el que las baraja. \u201cEstaremos en la comisi\u00f3n que se delegue y lo que haga la mayor\u00eda\u201d, apunt\u00f3.<\/p>\n<p>Estrada expres\u00f3 que, en lo personal, \u00e9l se desarrolla en actividades empresariales, industria y la pesca y en el deporte; es decir, hay un espectro bastante amplio y que trabajar\u00e1 donde lo designe la mayor\u00eda.<\/p>\n<p>La bancada de la RC tendr\u00e1 en la ma\u00f1ana de este viernes una reuni\u00f3n con todo el bloque de legisladores en la que se debatir\u00e1n y determinar\u00e1n las posturas espec\u00edficas frente al planteamiento del oficialismo respecto a los espacios en las comisiones.<\/p>\n","protected":false},"excerpt":{"rendered":"<p>La bancada oficialista Acci\u00f3n Democr\u00e1tica Nacional (ADN) pondr\u00e1 a prueba la solidez de su mayor\u00eda legislativa en el reparto de los espacios en quince comisiones especializadas permanentes entre los 150 legisladores que integran la actual Legislatura, a excepci\u00f3n del presidente, Niels Olsen. La sesi\u00f3n con ese fin fue convocada por Olsen para este viernes, 16 [&hellip;]<\/p>\n","protected":false},"author":1,"featured_media":12251,"comment_status":"open","ping_status":"open","sticky":false,"template":"","format":"standard","meta":{"footnotes":""},"categories":[12],"tags":[],"_links":{"self":[{"href":"https:\/\/infozamoraec.com\/index.php\/wp-json\/wp\/v2\/posts\/12250"}],"collection":[{"href":"https:\/\/infozamoraec.com\/index.php\/wp-json\/wp\/v2\/posts"}],"about":[{"href":"https:\/\/infozamoraec.com\/index.php\/wp-json\/wp\/v2\/types\/post"}],"author":[{"embeddable":true,"href":"https:\/\/infozamoraec.com\/index.php\/wp-json\/wp\/v2\/users\/1"}],"replies":[{"embeddable":true,"href":"https:\/\/infozamoraec.com\/index.php\/wp-json\/wp\/v2\/comments?post=12250"}],"version-history":[{"count":2,"href":"https:\/\/infozamoraec.com\/index.php\/wp-json\/wp\/v2\/posts\/12250\/revisions"}],"predecessor-version":[{"id":12254,"href":"https:\/\/infozamoraec.com\/index.php\/wp-json\/wp\/v2\/posts\/12250\/revisions\/12254"}],"wp:featuredmedia":[{"embeddable":true,"href":"https:\/\/infozamoraec.com\/index.php\/wp-json\/wp\/v2\/media\/12251"}],"wp:attachment":[{"href":"https:\/\/infozamoraec.com\/index.php\/wp-json\/wp\/v2\/media?parent=12250"}],"wp:term":[{"taxonomy":"category","embeddable":true,"href":"https:\/\/infozamoraec.com\/index.php\/wp-json\/wp\/v2\/categories?post=12250"},{"taxonomy":"post_tag","embeddable":true,"href":"https:\/\/infozamoraec.com\/index.php\/wp-json\/wp\/v2\/tags?post=12250"}],"curies":[{"name":"wp","href":"https:\/\/api.w.org\/{rel}","templated":true}]}}