{"id":12247,"date":"2025-05-16T02:05:26","date_gmt":"2025-05-16T02:05:26","guid":{"rendered":"https:\/\/infozamoraec.com\/?p=12247"},"modified":"2025-05-16T02:05:26","modified_gmt":"2025-05-16T02:05:26","slug":"gobierno-incorpora-nueva-subestacion-movil-en-el-oro-con-capacidad-de-24-mva","status":"publish","type":"post","link":"https:\/\/infozamoraec.com\/index.php\/2025\/05\/16\/gobierno-incorpora-nueva-subestacion-movil-en-el-oro-con-capacidad-de-24-mva\/","title":{"rendered":"Gobierno incorpora nueva subestaci\u00f3n m\u00f3vil en El Oro con capacidad de 24 MVA"},"content":{"rendered":"<p>El Ministerio de Energ\u00eda y Minas y la Corporaci\u00f3n Nacional de Electricidad (CNEL EP)\u00a0<strong>incorporaron una nueva subestaci\u00f3n m\u00f3vil a la Unidad de Negocio El Oro<\/strong>, con el objetivo de garantizar la continuidad y confiabilidad del servicio el\u00e9ctrico.<\/p>\n<p>La infraestructura fue instalada en la subestaci\u00f3n El Cambio e inici\u00f3 su fase de pruebas operativas durante el fin de semana.<\/p>\n<p>Cuenta con una capacidad de 24 megavoltamperios (MVA) y opera a un voltaje de 69\/13,8 kilovoltios (kV),\u00a0<strong>permitiendo mantener el suministro el\u00e9ctrico en condiciones normales durante trabajos de mantenimiento programado o emergencias en otras subestaciones del sistema<\/strong>.<\/p>\n<p>Desde el Gobierno se indica que esta infraestructura brindar\u00e1 soporte a m\u00e1s de 283.000 clientes,<strong>\u00a0beneficiando directamente a los catorce cantones de la provincia de El Oro, as\u00ed como a Camilo Ponce Enr\u00edquez (Azuay), Tenguel (parroquia rural de Guayaquil) y el cant\u00f3n Balao (Guayas)<\/strong>.<\/p>\n<p>\u201cVivimos momentos \u00fanicos, de cambios positivos, y una muestra de ello es esta nueva subestaci\u00f3n m\u00f3vil, que se pone al servicio de los ecuatorianos.\u00a0<strong>Estamos trabajando pensando en el bien com\u00fan<\/strong>\u00a0y en mejorar la calidad del servicio de energ\u00eda el\u00e9ctrica\u201d, indic\u00f3 In\u00e9s Manzano, ministra de Energ\u00eda y Minas.<\/p>\n<p>\u201cEsta adquisici\u00f3n nos permite actuar con mayor eficiencia y reducir significativamente los tiempos de interrupci\u00f3n.\u00a0<strong>Lo m\u00e1s destacable es que esta subestaci\u00f3n puede ser trasladada<\/strong>\u00a0seg\u00fan las necesidades del sistema el\u00e9ctrico o frente a cualquier emergencia que se presente en el territorio nacional\u201d, expres\u00f3 \u00c1ngel Erazo, gerente general de CNEL EP.<\/p>\n<p>La adquisici\u00f3n, la primera de este tipo en la Unidad de Negocio, represent\u00f3 una inversi\u00f3n de $ 1\u2032800.000, financiada mediante recursos del Banco Interamericano de Desarrollo (BID) y fondos propios de CNEL EP.<\/p>\n","protected":false},"excerpt":{"rendered":"<p>El Ministerio de Energ\u00eda y Minas y la Corporaci\u00f3n Nacional de Electricidad (CNEL EP)\u00a0incorporaron una nueva subestaci\u00f3n m\u00f3vil a la Unidad de Negocio El Oro, con el objetivo de garantizar la continuidad y confiabilidad del servicio el\u00e9ctrico. La infraestructura fue instalada en la subestaci\u00f3n El Cambio e inici\u00f3 su fase de pruebas operativas durante el [&hellip;]<\/p>\n","protected":false},"author":1,"featured_media":12248,"comment_status":"open","ping_status":"open","sticky":false,"template":"","format":"standard","meta":{"footnotes":""},"categories":[12],"tags":[],"_links":{"self":[{"href":"https:\/\/infozamoraec.com\/index.php\/wp-json\/wp\/v2\/posts\/12247"}],"collection":[{"href":"https:\/\/infozamoraec.com\/index.php\/wp-json\/wp\/v2\/posts"}],"about":[{"href":"https:\/\/infozamoraec.com\/index.php\/wp-json\/wp\/v2\/types\/post"}],"author":[{"embeddable":true,"href":"https:\/\/infozamoraec.com\/index.php\/wp-json\/wp\/v2\/users\/1"}],"replies":[{"embeddable":true,"href":"https:\/\/infozamoraec.com\/index.php\/wp-json\/wp\/v2\/comments?post=12247"}],"version-history":[{"count":1,"href":"https:\/\/infozamoraec.com\/index.php\/wp-json\/wp\/v2\/posts\/12247\/revisions"}],"predecessor-version":[{"id":12249,"href":"https:\/\/infozamoraec.com\/index.php\/wp-json\/wp\/v2\/posts\/12247\/revisions\/12249"}],"wp:featuredmedia":[{"embeddable":true,"href":"https:\/\/infozamoraec.com\/index.php\/wp-json\/wp\/v2\/media\/12248"}],"wp:attachment":[{"href":"https:\/\/infozamoraec.com\/index.php\/wp-json\/wp\/v2\/media?parent=12247"}],"wp:term":[{"taxonomy":"category","embeddable":true,"href":"https:\/\/infozamoraec.com\/index.php\/wp-json\/wp\/v2\/categories?post=12247"},{"taxonomy":"post_tag","embeddable":true,"href":"https:\/\/infozamoraec.com\/index.php\/wp-json\/wp\/v2\/tags?post=12247"}],"curies":[{"name":"wp","href":"https:\/\/api.w.org\/{rel}","templated":true}]}}