{"id":12244,"date":"2025-05-16T02:03:25","date_gmt":"2025-05-16T02:03:25","guid":{"rendered":"https:\/\/infozamoraec.com\/?p=12244"},"modified":"2025-05-16T02:03:25","modified_gmt":"2025-05-16T02:03:25","slug":"jose-de-la-gasca-dice-que-el-tema-de-la-constituyente-esta-en-un-compas-de-espera","status":"publish","type":"post","link":"https:\/\/infozamoraec.com\/index.php\/2025\/05\/16\/jose-de-la-gasca-dice-que-el-tema-de-la-constituyente-esta-en-un-compas-de-espera\/","title":{"rendered":"Jos\u00e9 de la Gasca dice que el tema de la Constituyente est\u00e1 en \u00abun comp\u00e1s de espera\u00bb"},"content":{"rendered":"<p><strong><a title=\"Jos\u00e9 de la Gasca\" href=\"https:\/\/www.larepublica.ec\/blog\/2025\/05\/08\/jose-de-la-gasca-afirma-que-si-hay-acuerdos-entre-adn-con-pachakutik\/\" target=\"_blank\" rel=\"noopener\">Jos\u00e9 de la Gasca<\/a><\/strong>, ministro de Gobierno,\u00a0<strong>indic\u00f3 para una entrevista en Teleamazonas<\/strong>\u00a0que se siente complacido<strong>\u00a0con la conformaci\u00f3n de la\u00a0<a title=\"Asamblea Nacional\" href=\"https:\/\/www.asambleanacional.gob.ec\/es\" target=\"_blank\" rel=\"noopener\">Asamblea Nacional<\/a>\u00a0<\/strong>que estar\u00e1 en funciones hasta el 14 de mayo de 2027,\u00a0<strong>puesto que \u00e9sta posee un control mayoritario de ADN<\/strong>, movimiento pol\u00edtico del presidente Daniel Noboa.<img decoding=\"async\" src=\"https:\/\/servedby.revive-adserver.net\/lg.php?bannerid=0&amp;campaignid=0&amp;zoneid=2931&amp;loc=https%3A%2F%2Fwww.larepublica.ec%2Fblog%2F2025%2F05%2F15%2Fjose-de-la-gasca-dice-que-el-tema-de-la-constituyente-esta-en-un-compas-de-espera%2F&amp;referer=https%3A%2F%2Fwww.larepublica.ec%2F&amp;cb=9c90664a1f\" alt=\"\" width=\"0\" height=\"0\" \/><\/p>\n<p>De la Gasca no se mostr\u00f3 sorprendido de ese hecho, pero descart\u00f3 que el oficialismo tenga \u201c<strong>un control absoluto\u201d<\/strong>\u00a0del Legislativo, puesto que falta designar las autoridades de las 15 comisiones legislativas.<\/p>\n<p>\u201c<strong>No podemos descartar los distintos mecanismos de reformas y enmienda<\/strong>, siendo el m\u00e1s extremo la Asamblea Constituyente\u201d, manifest\u00f3 el ministro de Gobierno, al tiempo de recalcar que no ser\u00e1 una decisi\u00f3n inmediata que tome el Ejecutivo, sino que ser\u00e1 \u201cpaso a paso\u201d.<\/p>\n<p>Destac\u00f3\u00a0<strong>que el trabajo de la legislatura ser\u00e1 clave a la hora de tomar una decisi\u00f3n definitiva<\/strong>\u00a0sobre la referida propuesta de campa\u00f1a, sin dejar de mencionar que, a su criterio, la actual Carta Magna \u201cest\u00e1 caduca\u201d,\u00a0<strong>pero hasta que no exista un cambio profundo echar\u00e1n mano \u201cde los recursos que tienen\u201d.<\/strong><\/p>\n<p>No descart\u00f3 que en el camino se hagan reformas constitucionales y enmiendas y, si eso no funciona, \u201c<strong>valorar\u00e1n en el momento<\/strong>\u201d ir a una Constituyente.<\/p>\n<p>\u201c(\u2026)\u00a0<strong>Ese mecanismo\u00a0<\/strong>(la Constituyente)<strong>\u00a0debe ser uno extremo; tenemos que echar mano de los recursos que tenemos ahora vigentes<\/strong>\u00a0y, si podemos alcanzarlos, q<strong>u\u00e9 mejor; si no, ser\u00e1 imperativa pol\u00edtica y socialmente un cambio hacia una Constituyente<\/strong>\u201d, sentenci\u00f3 para ese medio televisivo.<\/p>\n","protected":false},"excerpt":{"rendered":"<p>Jos\u00e9 de la Gasca, ministro de Gobierno,\u00a0indic\u00f3 para una entrevista en Teleamazonas\u00a0que se siente complacido\u00a0con la conformaci\u00f3n de la\u00a0Asamblea Nacional\u00a0que estar\u00e1 en funciones hasta el 14 de mayo de 2027,\u00a0puesto que \u00e9sta posee un control mayoritario de ADN, movimiento pol\u00edtico del presidente Daniel Noboa. De la Gasca no se mostr\u00f3 sorprendido de ese hecho, pero [&hellip;]<\/p>\n","protected":false},"author":1,"featured_media":12245,"comment_status":"open","ping_status":"open","sticky":false,"template":"","format":"standard","meta":{"footnotes":""},"categories":[12],"tags":[],"_links":{"self":[{"href":"https:\/\/infozamoraec.com\/index.php\/wp-json\/wp\/v2\/posts\/12244"}],"collection":[{"href":"https:\/\/infozamoraec.com\/index.php\/wp-json\/wp\/v2\/posts"}],"about":[{"href":"https:\/\/infozamoraec.com\/index.php\/wp-json\/wp\/v2\/types\/post"}],"author":[{"embeddable":true,"href":"https:\/\/infozamoraec.com\/index.php\/wp-json\/wp\/v2\/users\/1"}],"replies":[{"embeddable":true,"href":"https:\/\/infozamoraec.com\/index.php\/wp-json\/wp\/v2\/comments?post=12244"}],"version-history":[{"count":1,"href":"https:\/\/infozamoraec.com\/index.php\/wp-json\/wp\/v2\/posts\/12244\/revisions"}],"predecessor-version":[{"id":12246,"href":"https:\/\/infozamoraec.com\/index.php\/wp-json\/wp\/v2\/posts\/12244\/revisions\/12246"}],"wp:featuredmedia":[{"embeddable":true,"href":"https:\/\/infozamoraec.com\/index.php\/wp-json\/wp\/v2\/media\/12245"}],"wp:attachment":[{"href":"https:\/\/infozamoraec.com\/index.php\/wp-json\/wp\/v2\/media?parent=12244"}],"wp:term":[{"taxonomy":"category","embeddable":true,"href":"https:\/\/infozamoraec.com\/index.php\/wp-json\/wp\/v2\/categories?post=12244"},{"taxonomy":"post_tag","embeddable":true,"href":"https:\/\/infozamoraec.com\/index.php\/wp-json\/wp\/v2\/tags?post=12244"}],"curies":[{"name":"wp","href":"https:\/\/api.w.org\/{rel}","templated":true}]}}