{"id":12241,"date":"2025-05-16T02:01:29","date_gmt":"2025-05-16T02:01:29","guid":{"rendered":"https:\/\/infozamoraec.com\/?p=12241"},"modified":"2025-05-16T02:01:29","modified_gmt":"2025-05-16T02:01:29","slug":"noboa-dice-haber-vencido-al-mal-en-tres-ocasiones","status":"publish","type":"post","link":"https:\/\/infozamoraec.com\/index.php\/2025\/05\/16\/noboa-dice-haber-vencido-al-mal-en-tres-ocasiones\/","title":{"rendered":"Noboa dice haber vencido \u00abal mal\u00bb en tres ocasiones"},"content":{"rendered":"<p>El presidente de\u00a0<strong><a title=\"\" href=\"https:\/\/www.larepublica.ec\/blog\/2025\/05\/15\/jose-de-la-gasca-dice-que-el-tema-de-la-constituyente-esta-en-un-compas-de-espera\/\" target=\"_blank\" rel=\"noopener\">Ecuador<\/a><\/strong>,\u00a0<strong>Daniel Noboa<\/strong>, asegur\u00f3 este jueves que ha logrado \u00abenfrentar al mal y ganarle ya tres veces\u00bb tras triunfar en las recientes elecciones en las que se enfrent\u00f3 a la candidata del corre\u00edsmo,\u00a0<strong>Luisa Gonz\u00e1lez<\/strong>, quien no reconoce los resultados y persiste en su denuncia de \u00abfraude\u00bb, y a quien tambi\u00e9n super\u00f3 en los comicios extraordinarios de 2023 y en la primera vuelta del pasado 9 de febrero.<img decoding=\"async\" src=\"https:\/\/servedby.revive-adserver.net\/lg.php?bannerid=0&amp;campaignid=0&amp;zoneid=2931&amp;loc=https%3A%2F%2Fwww.larepublica.ec%2Fblog%2F2025%2F05%2F15%2Fnoboa-dice-haber-vencido-al-mal-en-tres-ocasiones%2F&amp;referer=https%3A%2F%2Fwww.larepublica.ec%2F&amp;cb=8697db6a3f\" alt=\"\" width=\"0\" height=\"0\" \/><\/p>\n<p>El mandatario hizo estas declaraciones despu\u00e9s de recibir por parte del\u00a0<strong>Consejo Nacional Electoral (CNE)\u00a0<\/strong>las credenciales que lo acreditan a \u00e9l y a su vicepresidenta electa,\u00a0<strong>Mar\u00eda Jos\u00e9 Pinto<\/strong>, para gobernar el pa\u00eds hasta 2029, al haber sido declarados como ganadores con el 55,63 % de los votos frente al binomio corre\u00edsta.<\/p>\n<p>Noboa tambi\u00e9n asegur\u00f3 que su Gobierno tendr\u00e1 \u00absiempre las puertas abiertas para quienes deseen empujar al Ecuador hacia un mejor ma\u00f1ana\u00bb y para quienes \u00abdeseen el bienestar de las familias ecuatorianas\u00bb.<\/p>\n<p>Mientras que advirti\u00f3 que \u00abrecibir\u00e1n una respuesta contundente\u00bb y les \u00abtirar\u00e1n la puerta en la cara\u00bb a aquellos que quieran \u00abdestruir\u00bb la patria, la libertad y la democracia.<\/p>\n","protected":false},"excerpt":{"rendered":"<p>El presidente de\u00a0Ecuador,\u00a0Daniel Noboa, asegur\u00f3 este jueves que ha logrado \u00abenfrentar al mal y ganarle ya tres veces\u00bb tras triunfar en las recientes elecciones en las que se enfrent\u00f3 a la candidata del corre\u00edsmo,\u00a0Luisa Gonz\u00e1lez, quien no reconoce los resultados y persiste en su denuncia de \u00abfraude\u00bb, y a quien tambi\u00e9n super\u00f3 en los comicios [&hellip;]<\/p>\n","protected":false},"author":1,"featured_media":12242,"comment_status":"open","ping_status":"open","sticky":false,"template":"","format":"standard","meta":{"footnotes":""},"categories":[12],"tags":[],"_links":{"self":[{"href":"https:\/\/infozamoraec.com\/index.php\/wp-json\/wp\/v2\/posts\/12241"}],"collection":[{"href":"https:\/\/infozamoraec.com\/index.php\/wp-json\/wp\/v2\/posts"}],"about":[{"href":"https:\/\/infozamoraec.com\/index.php\/wp-json\/wp\/v2\/types\/post"}],"author":[{"embeddable":true,"href":"https:\/\/infozamoraec.com\/index.php\/wp-json\/wp\/v2\/users\/1"}],"replies":[{"embeddable":true,"href":"https:\/\/infozamoraec.com\/index.php\/wp-json\/wp\/v2\/comments?post=12241"}],"version-history":[{"count":1,"href":"https:\/\/infozamoraec.com\/index.php\/wp-json\/wp\/v2\/posts\/12241\/revisions"}],"predecessor-version":[{"id":12243,"href":"https:\/\/infozamoraec.com\/index.php\/wp-json\/wp\/v2\/posts\/12241\/revisions\/12243"}],"wp:featuredmedia":[{"embeddable":true,"href":"https:\/\/infozamoraec.com\/index.php\/wp-json\/wp\/v2\/media\/12242"}],"wp:attachment":[{"href":"https:\/\/infozamoraec.com\/index.php\/wp-json\/wp\/v2\/media?parent=12241"}],"wp:term":[{"taxonomy":"category","embeddable":true,"href":"https:\/\/infozamoraec.com\/index.php\/wp-json\/wp\/v2\/categories?post=12241"},{"taxonomy":"post_tag","embeddable":true,"href":"https:\/\/infozamoraec.com\/index.php\/wp-json\/wp\/v2\/tags?post=12241"}],"curies":[{"name":"wp","href":"https:\/\/api.w.org\/{rel}","templated":true}]}}