{"id":12233,"date":"2025-05-16T01:55:54","date_gmt":"2025-05-16T01:55:54","guid":{"rendered":"https:\/\/infozamoraec.com\/?p=12233"},"modified":"2025-05-16T01:55:54","modified_gmt":"2025-05-16T01:55:54","slug":"presidente-de-la-camiz-convoca-a-autoridades-a-sumarse-a-la-asamblea-minera-provincial-en-zamora","status":"publish","type":"post","link":"https:\/\/infozamoraec.com\/index.php\/2025\/05\/16\/presidente-de-la-camiz-convoca-a-autoridades-a-sumarse-a-la-asamblea-minera-provincial-en-zamora\/","title":{"rendered":"Presidente de la CAMIZ convoca a autoridades a sumarse a la Asamblea Minera Provincial en Zamora"},"content":{"rendered":"<p data-start=\"102\" data-end=\"553\"><span class=\"_fadeIn_m1hgl_8\">\u00a0<\/span><span class=\"_fadeIn_m1hgl_8\">En <\/span><span class=\"_fadeIn_m1hgl_8\">una <\/span><span class=\"_fadeIn_m1hgl_8\">rueda <\/span><span class=\"_fadeIn_m1hgl_8\">de <\/span><span class=\"_fadeIn_m1hgl_8\">prensa <\/span><span class=\"_fadeIn_m1hgl_8\">desarrollada <\/span><span class=\"_fadeIn_m1hgl_8\">este <\/span><span class=\"_fadeIn_m1hgl_8\">martes, <\/span><span class=\"_fadeIn_m1hgl_8\">el <\/span><span class=\"_fadeIn_m1hgl_8\">presidente <\/span><span class=\"_fadeIn_m1hgl_8\">de <\/span><span class=\"_fadeIn_m1hgl_8\">la <\/span><strong data-start=\"202\" data-end=\"251\"><span class=\"_fadeIn_m1hgl_8\">C\u00e1mara <\/span><span class=\"_fadeIn_m1hgl_8\">de <\/span><span class=\"_fadeIn_m1hgl_8\">Miner\u00eda <\/span><span class=\"_fadeIn_m1hgl_8\">de <\/span><span class=\"_fadeIn_m1hgl_8\">Zamora <\/span><span class=\"_fadeIn_m1hgl_8\">Chinchipe (<\/span><span class=\"_fadeIn_m1hgl_8\">CAMIZ)<\/span><\/strong><span class=\"_fadeIn_m1hgl_8\">, <\/span><strong data-start=\"253\" data-end=\"276\"><span class=\"_fadeIn_m1hgl_8\">Pa\u00fal <\/span><span class=\"_fadeIn_m1hgl_8\">Pineda <\/span><span class=\"_fadeIn_m1hgl_8\">Cordero<\/span><\/strong><span class=\"_fadeIn_m1hgl_8\">, <\/span><span class=\"_fadeIn_m1hgl_8\">realiz\u00f3 <\/span><span class=\"_fadeIn_m1hgl_8\">un <\/span><span class=\"_fadeIn_m1hgl_8\">en\u00e9rgico <\/span><span class=\"_fadeIn_m1hgl_8\">llamado <\/span><span class=\"_fadeIn_m1hgl_8\">a <\/span><span class=\"_fadeIn_m1hgl_8\">las <\/span><span class=\"_fadeIn_m1hgl_8\">autoridades <\/span><span class=\"_fadeIn_m1hgl_8\">locales <\/span><span class=\"_fadeIn_m1hgl_8\">y <\/span><span class=\"_fadeIn_m1hgl_8\">del <\/span><span class=\"_fadeIn_m1hgl_8\">Gobierno <\/span><span class=\"_fadeIn_m1hgl_8\">Nacional <\/span><span class=\"_fadeIn_m1hgl_8\">a <\/span><span class=\"_fadeIn_m1hgl_8\">involucrarse <\/span><span class=\"_fadeIn_m1hgl_8\">de <\/span><span class=\"_fadeIn_m1hgl_8\">manera <\/span><span class=\"_fadeIn_m1hgl_8\">activa <\/span><span class=\"_fadeIn_m1hgl_8\">y <\/span><span class=\"_fadeIn_m1hgl_8\">responsable <\/span><span class=\"_fadeIn_m1hgl_8\">en <\/span><span class=\"_fadeIn_m1hgl_8\">la <\/span><strong data-start=\"408\" data-end=\"464\"><span class=\"_fadeIn_m1hgl_8\">Asamblea <\/span><span class=\"_fadeIn_m1hgl_8\">Provincial <\/span><span class=\"_fadeIn_m1hgl_8\">de <\/span><span class=\"_fadeIn_m1hgl_8\">Autoridades <\/span><span class=\"_fadeIn_m1hgl_8\">y <\/span><span class=\"_fadeIn_m1hgl_8\">L\u00edderes <\/span><span class=\"_fadeIn_m1hgl_8\">Mineros<\/span><\/strong><span class=\"_fadeIn_m1hgl_8\">, <\/span><span class=\"_fadeIn_m1hgl_8\">que <\/span><span class=\"_fadeIn_m1hgl_8\">se <\/span><span class=\"_fadeIn_m1hgl_8\">llevar\u00e1 <\/span><span class=\"_fadeIn_m1hgl_8\">a <\/span><span class=\"_fadeIn_m1hgl_8\">cabo <\/span><span class=\"_fadeIn_m1hgl_8\">el <\/span><span class=\"_fadeIn_m1hgl_8\">pr\u00f3ximo <\/span><strong data-start=\"499\" data-end=\"525\"><span class=\"_fadeIn_m1hgl_8\">19 <\/span><span class=\"_fadeIn_m1hgl_8\">de <\/span><span class=\"_fadeIn_m1hgl_8\">mayo <\/span><span class=\"_fadeIn_m1hgl_8\">a <\/span><span class=\"_fadeIn_m1hgl_8\">las <\/span><span class=\"_fadeIn_m1hgl_8\">10h00<\/span><\/strong> <span class=\"_fadeIn_m1hgl_8\">en <\/span><span class=\"_fadeIn_m1hgl_8\">la <\/span><span class=\"_fadeIn_m1hgl_8\">ciudad <\/span><span class=\"_fadeIn_m1hgl_8\">de <\/span><strong data-start=\"542\" data-end=\"552\"><span class=\"_fadeIn_m1hgl_8\">Zamora<\/span><\/strong><span class=\"_fadeIn_m1hgl_8\">.<\/span><\/p>\n<blockquote data-start=\"555\" data-end=\"742\">\n<p data-start=\"557\" data-end=\"742\"><span class=\"_fadeIn_m1hgl_8\">\u201c<\/span><span class=\"_fadeIn_m1hgl_8\">Es <\/span><span class=\"_fadeIn_m1hgl_8\">hora <\/span><span class=\"_fadeIn_m1hgl_8\">de <\/span><span class=\"_fadeIn_m1hgl_8\">que <\/span><span class=\"_fadeIn_m1hgl_8\">las <\/span><span class=\"_fadeIn_m1hgl_8\">autoridades, <\/span><span class=\"_fadeIn_m1hgl_8\">alcaldes <\/span><span class=\"_fadeIn_m1hgl_8\">y <\/span><span class=\"_fadeIn_m1hgl_8\">del <\/span><span class=\"_fadeIn_m1hgl_8\">Gobierno <\/span><span class=\"_fadeIn_m1hgl_8\">se <\/span><span class=\"_fadeIn_m1hgl_8\">involucren <\/span><span class=\"_fadeIn_m1hgl_8\">en <\/span><span class=\"_fadeIn_m1hgl_8\">las <\/span><span class=\"_fadeIn_m1hgl_8\">soluciones <\/span><span class=\"_fadeIn_m1hgl_8\">y <\/span><span class=\"_fadeIn_m1hgl_8\">no <\/span><span class=\"_fadeIn_m1hgl_8\">pretendan <\/span><span class=\"_fadeIn_m1hgl_8\">hacer <\/span><span class=\"_fadeIn_m1hgl_8\">pol\u00edtico <\/span><span class=\"_fadeIn_m1hgl_8\">un <\/span><span class=\"_fadeIn_m1hgl_8\">tema <\/span><span class=\"_fadeIn_m1hgl_8\">social\u201d, <\/span><span class=\"_fadeIn_m1hgl_8\">manifest\u00f3 <\/span><span class=\"_fadeIn_m1hgl_8\">Pineda <\/span><span class=\"_fadeIn_m1hgl_8\">ante <\/span><span class=\"_fadeIn_m1hgl_8\">los <\/span><span class=\"_fadeIn_m1hgl_8\">medios <\/span><span class=\"_fadeIn_m1hgl_8\">de <\/span><span class=\"_fadeIn_m1hgl_8\">comunicaci\u00f3n.<\/span><\/p>\n<\/blockquote>\n<p data-start=\"744\" data-end=\"1140\"><span class=\"_fadeIn_m1hgl_8\">Durante <\/span><span class=\"_fadeIn_m1hgl_8\">su <\/span><span class=\"_fadeIn_m1hgl_8\">intervenci\u00f3n, <\/span><span class=\"_fadeIn_m1hgl_8\">el <\/span><span class=\"_fadeIn_m1hgl_8\">dirigente <\/span><span class=\"_fadeIn_m1hgl_8\">minero <\/span><span class=\"_fadeIn_m1hgl_8\">inform\u00f3 <\/span><span class=\"_fadeIn_m1hgl_8\">que <\/span><span class=\"_fadeIn_m1hgl_8\">se <\/span><span class=\"_fadeIn_m1hgl_8\">han <\/span><span class=\"_fadeIn_m1hgl_8\">remitido <\/span><strong data-start=\"817\" data-end=\"988\"><span class=\"_fadeIn_m1hgl_8\">invitaciones <\/span><span class=\"_fadeIn_m1hgl_8\">formales <\/span><span class=\"_fadeIn_m1hgl_8\">a <\/span><span class=\"_fadeIn_m1hgl_8\">todos <\/span><span class=\"_fadeIn_m1hgl_8\">los <\/span><span class=\"_fadeIn_m1hgl_8\">alcaldes <\/span><span class=\"_fadeIn_m1hgl_8\">de <\/span><span class=\"_fadeIn_m1hgl_8\">la <\/span><span class=\"_fadeIn_m1hgl_8\">provincia, <\/span><span class=\"_fadeIn_m1hgl_8\">a <\/span><span class=\"_fadeIn_m1hgl_8\">la <\/span><span class=\"_fadeIn_m1hgl_8\">Prefecta <\/span><span class=\"_fadeIn_m1hgl_8\">Karla <\/span><span class=\"_fadeIn_m1hgl_8\">Re\u00e1tegui, <\/span><span class=\"_fadeIn_m1hgl_8\">a <\/span><span class=\"_fadeIn_m1hgl_8\">la <\/span><span class=\"_fadeIn_m1hgl_8\">Gobernadora <\/span><span class=\"_fadeIn_m1hgl_8\">Ivonne <\/span><span class=\"_fadeIn_m1hgl_8\">Panchi <\/span><span class=\"_fadeIn_m1hgl_8\">y <\/span><span class=\"_fadeIn_m1hgl_8\">a <\/span><span class=\"_fadeIn_m1hgl_8\">los <\/span><span class=\"_fadeIn_m1hgl_8\">presidentes <\/span><span class=\"_fadeIn_m1hgl_8\">de <\/span><span class=\"_fadeIn_m1hgl_8\">las <\/span><span class=\"_fadeIn_m1hgl_8\">juntas <\/span><span class=\"_fadeIn_m1hgl_8\">parroquiales<\/span><\/strong><span class=\"_fadeIn_m1hgl_8\">, <\/span><span class=\"_fadeIn_m1hgl_8\">exhortando <\/span><span class=\"_fadeIn_m1hgl_8\">a <\/span><span class=\"_fadeIn_m1hgl_8\">su <\/span><span class=\"_fadeIn_m1hgl_8\">participaci\u00f3n <\/span><span class=\"_fadeIn_m1hgl_8\">en <\/span><span class=\"_fadeIn_m1hgl_8\">este <\/span><span class=\"_fadeIn_m1hgl_8\">espacio <\/span><span class=\"_fadeIn_m1hgl_8\">de <\/span><span class=\"_fadeIn_m1hgl_8\">di\u00e1logo <\/span><span class=\"_fadeIn_m1hgl_8\">y <\/span><span class=\"_fadeIn_m1hgl_8\">toma <\/span><span class=\"_fadeIn_m1hgl_8\">de <\/span><span class=\"_fadeIn_m1hgl_8\">decisiones <\/span><span class=\"_fadeIn_m1hgl_8\">sobre <\/span><span class=\"_fadeIn_m1hgl_8\">una <\/span><span class=\"_fadeIn_m1hgl_8\">de <\/span><span class=\"_fadeIn_m1hgl_8\">las <\/span><span class=\"_fadeIn_m1hgl_8\">principales <\/span><span class=\"_fadeIn_m1hgl_8\">actividades <\/span><span class=\"_fadeIn_m1hgl_8\">econ\u00f3micas <\/span><span class=\"_fadeIn_m1hgl_8\">de <\/span><span class=\"_fadeIn_m1hgl_8\">Zamora <\/span><span class=\"_fadeIn_m1hgl_8\">Chinchipe.<\/span><\/p>\n<p data-start=\"1142\" data-end=\"1403\"><span class=\"_fadeIn_m1hgl_8\">Pineda <\/span><span class=\"_fadeIn_m1hgl_8\">subray\u00f3 <\/span><span class=\"_fadeIn_m1hgl_8\">que <\/span><span class=\"_fadeIn_m1hgl_8\">el <\/span><span class=\"_fadeIn_m1hgl_8\">sector <\/span><span class=\"_fadeIn_m1hgl_8\">minero <\/span><span class=\"_fadeIn_m1hgl_8\">requiere <\/span><strong data-start=\"1187\" data-end=\"1223\"><span class=\"_fadeIn_m1hgl_8\">corresponsabilidad <\/span><span class=\"_fadeIn_m1hgl_8\">institucional<\/span><\/strong><span class=\"_fadeIn_m1hgl_8\">, <\/span><span class=\"_fadeIn_m1hgl_8\">pues <\/span><span class=\"_fadeIn_m1hgl_8\">mientras <\/span><span class=\"_fadeIn_m1hgl_8\">los <\/span><strong data-start=\"1243\" data-end=\"1312\"><span class=\"_fadeIn_m1hgl_8\">municipios <\/span><span class=\"_fadeIn_m1hgl_8\">tienen <\/span><span class=\"_fadeIn_m1hgl_8\">competencias <\/span><span class=\"_fadeIn_m1hgl_8\">en <\/span><span class=\"_fadeIn_m1hgl_8\">la <\/span><span class=\"_fadeIn_m1hgl_8\">regulaci\u00f3n <\/span><span class=\"_fadeIn_m1hgl_8\">del <\/span><span class=\"_fadeIn_m1hgl_8\">uso <\/span><span class=\"_fadeIn_m1hgl_8\">del <\/span><span class=\"_fadeIn_m1hgl_8\">suelo<\/span><\/strong><span class=\"_fadeIn_m1hgl_8\">, <\/span><span class=\"_fadeIn_m1hgl_8\">el <\/span><strong data-start=\"1317\" data-end=\"1402\"><span class=\"_fadeIn_m1hgl_8\">Estado <\/span><span class=\"_fadeIn_m1hgl_8\">est\u00e1 <\/span><span class=\"_fadeIn_m1hgl_8\">llamado <\/span><span class=\"_fadeIn_m1hgl_8\">a <\/span><span class=\"_fadeIn_m1hgl_8\">garantizar <\/span><span class=\"_fadeIn_m1hgl_8\">el <\/span><span class=\"_fadeIn_m1hgl_8\">cumplimiento <\/span><span class=\"_fadeIn_m1hgl_8\">de <\/span><span class=\"_fadeIn_m1hgl_8\">la <\/span><span class=\"_fadeIn_m1hgl_8\">ley <\/span><span class=\"_fadeIn_m1hgl_8\">desde <\/span><span class=\"_fadeIn_m1hgl_8\">la <\/span><span class=\"_fadeIn_m1hgl_8\">transparencia<\/span><\/strong><span class=\"_fadeIn_m1hgl_8\">.<\/span><\/p>\n<blockquote data-start=\"1405\" data-end=\"1659\">\n<p data-start=\"1407\" data-end=\"1659\"><span class=\"_fadeIn_m1hgl_8\">\u201c<\/span><span class=\"_fadeIn_m1hgl_8\">Esta <\/span><span class=\"_fadeIn_m1hgl_8\">es <\/span><span class=\"_fadeIn_m1hgl_8\">la <\/span><span class=\"_fadeIn_m1hgl_8\">oportunidad <\/span><span class=\"_fadeIn_m1hgl_8\">de <\/span><span class=\"_fadeIn_m1hgl_8\">que <\/span><span class=\"_fadeIn_m1hgl_8\">demuestren <\/span><span class=\"_fadeIn_m1hgl_8\">su <\/span><span class=\"_fadeIn_m1hgl_8\">inter\u00e9s <\/span><span class=\"_fadeIn_m1hgl_8\">por <\/span><span class=\"_fadeIn_m1hgl_8\">los <\/span><span class=\"_fadeIn_m1hgl_8\">problemas <\/span><span class=\"_fadeIn_m1hgl_8\">de <\/span><span class=\"_fadeIn_m1hgl_8\">la <\/span><span class=\"_fadeIn_m1hgl_8\">provincia <\/span><span class=\"_fadeIn_m1hgl_8\">y <\/span><span class=\"_fadeIn_m1hgl_8\">de <\/span><span class=\"_fadeIn_m1hgl_8\">ello <\/span><span class=\"_fadeIn_m1hgl_8\">ser\u00e1n <\/span><span class=\"_fadeIn_m1hgl_8\">testigos <\/span><span class=\"_fadeIn_m1hgl_8\">ustedes, <\/span><span class=\"_fadeIn_m1hgl_8\">medios <\/span><span class=\"_fadeIn_m1hgl_8\">de <\/span><span class=\"_fadeIn_m1hgl_8\">comunicaci\u00f3n\u201d, <\/span><span class=\"_fadeIn_m1hgl_8\">expres\u00f3, <\/span><span class=\"_fadeIn_m1hgl_8\">visiblemente <\/span><span class=\"_fadeIn_m1hgl_8\">cr\u00edtico <\/span><span class=\"_fadeIn_m1hgl_8\">ante <\/span><span class=\"_fadeIn_m1hgl_8\">la <\/span><strong data-start=\"1591\" data-end=\"1630\"><span class=\"_fadeIn_m1hgl_8\">escasa <\/span><span class=\"_fadeIn_m1hgl_8\">participaci\u00f3n <\/span><span class=\"_fadeIn_m1hgl_8\">de <\/span><span class=\"_fadeIn_m1hgl_8\">autoridades<\/span><\/strong> <span class=\"_fadeIn_m1hgl_8\">en <\/span><span class=\"_fadeIn_m1hgl_8\">anteriores <\/span><span class=\"_fadeIn_m1hgl_8\">convocatorias.<\/span><\/p>\n<\/blockquote>\n<p data-start=\"1661\" data-end=\"1990\"><span class=\"_fadeIn_m1hgl_8\">La <\/span><span class=\"_fadeIn_m1hgl_8\">Asamblea <\/span><span class=\"_fadeIn_m1hgl_8\">Provincial <\/span><span class=\"_fadeIn_m1hgl_8\">de <\/span><span class=\"_fadeIn_m1hgl_8\">Autoridades <\/span><span class=\"_fadeIn_m1hgl_8\">y <\/span><span class=\"_fadeIn_m1hgl_8\">L\u00edderes <\/span><span class=\"_fadeIn_m1hgl_8\">Mineros <\/span><span class=\"_fadeIn_m1hgl_8\">busca <\/span><span class=\"_fadeIn_m1hgl_8\">generar <\/span><span class=\"_fadeIn_m1hgl_8\">un <\/span><strong data-start=\"1734\" data-end=\"1791\"><span class=\"_fadeIn_m1hgl_8\">espacio <\/span><span class=\"_fadeIn_m1hgl_8\">de <\/span><span class=\"_fadeIn_m1hgl_8\">reflexi\u00f3n, <\/span><span class=\"_fadeIn_m1hgl_8\">propuestas <\/span><span class=\"_fadeIn_m1hgl_8\">y <\/span><span class=\"_fadeIn_m1hgl_8\">acuerdos <\/span><span class=\"_fadeIn_m1hgl_8\">conjuntos<\/span><\/strong> <span class=\"_fadeIn_m1hgl_8\">sobre <\/span><span class=\"_fadeIn_m1hgl_8\">la <\/span><span class=\"_fadeIn_m1hgl_8\">realidad <\/span><span class=\"_fadeIn_m1hgl_8\">de <\/span><span class=\"_fadeIn_m1hgl_8\">la <\/span><span class=\"_fadeIn_m1hgl_8\">miner\u00eda <\/span><span class=\"_fadeIn_m1hgl_8\">en <\/span><span class=\"_fadeIn_m1hgl_8\">Zamora <\/span><span class=\"_fadeIn_m1hgl_8\">Chinchipe, <\/span><span class=\"_fadeIn_m1hgl_8\">incluyendo <\/span><span class=\"_fadeIn_m1hgl_8\">temas <\/span><span class=\"_fadeIn_m1hgl_8\">como <\/span><strong data-start=\"1867\" data-end=\"1941\"><span class=\"_fadeIn_m1hgl_8\">la <\/span><span class=\"_fadeIn_m1hgl_8\">formalizaci\u00f3n, <\/span><span class=\"_fadeIn_m1hgl_8\">control <\/span><span class=\"_fadeIn_m1hgl_8\">estatal, <\/span><span class=\"_fadeIn_m1hgl_8\">impacto <\/span><span class=\"_fadeIn_m1hgl_8\">social, <\/span><span class=\"_fadeIn_m1hgl_8\">laboral <\/span><span class=\"_fadeIn_m1hgl_8\">y <\/span><span class=\"_fadeIn_m1hgl_8\">ambiental<\/span><\/strong><span class=\"_fadeIn_m1hgl_8\">, <\/span><span class=\"_fadeIn_m1hgl_8\">y <\/span><span class=\"_fadeIn_m1hgl_8\">el <\/span><span class=\"_fadeIn_m1hgl_8\">papel <\/span><span class=\"_fadeIn_m1hgl_8\">de <\/span><span class=\"_fadeIn_m1hgl_8\">cada <\/span><span class=\"_fadeIn_m1hgl_8\">instituci\u00f3n <\/span><span class=\"_fadeIn_m1hgl_8\">en <\/span><span class=\"_fadeIn_m1hgl_8\">este <\/span><span class=\"_fadeIn_m1hgl_8\">proceso.<\/span><\/p>\n<p data-start=\"1992\" data-end=\"2225\"><span class=\"_fadeIn_m1hgl_8\">La <\/span><span class=\"_fadeIn_m1hgl_8\">CAMIZ <\/span><span class=\"_fadeIn_m1hgl_8\">reiter\u00f3 <\/span><span class=\"_fadeIn_m1hgl_8\">su <\/span><span class=\"_fadeIn_m1hgl_8\">compromiso <\/span><span class=\"_fadeIn_m1hgl_8\">con <\/span><span class=\"_fadeIn_m1hgl_8\">el <\/span><span class=\"_fadeIn_m1hgl_8\">desarrollo <\/span><span class=\"_fadeIn_m1hgl_8\">sostenible <\/span><span class=\"_fadeIn_m1hgl_8\">del <\/span><span class=\"_fadeIn_m1hgl_8\">sector <\/span><span class=\"_fadeIn_m1hgl_8\">y <\/span><span class=\"_fadeIn_m1hgl_8\">la <\/span><span class=\"_fadeIn_m1hgl_8\">necesidad <\/span><span class=\"_fadeIn_m1hgl_8\">de <\/span><span class=\"_fadeIn_m1hgl_8\">abrir <\/span><span class=\"_fadeIn_m1hgl_8\">el <\/span><span class=\"_fadeIn_m1hgl_8\">debate <\/span><span class=\"_fadeIn_m1hgl_8\">m\u00e1s <\/span><span class=\"_fadeIn_m1hgl_8\">all\u00e1 <\/span><span class=\"_fadeIn_m1hgl_8\">de <\/span><span class=\"_fadeIn_m1hgl_8\">posturas <\/span><span class=\"_fadeIn_m1hgl_8\">pol\u00edticas, <\/span><span class=\"_fadeIn_m1hgl_8\">priorizando <\/span><span class=\"_fadeIn_m1hgl_8\">las <\/span><span class=\"_fadeIn_m1hgl_8\">soluciones <\/span><span class=\"_fadeIn_m1hgl_8\">colectivas <\/span><span class=\"_fadeIn_m1hgl_8\">y <\/span><span class=\"_fadeIn_m1hgl_8\">el <\/span><span class=\"_fadeIn_m1hgl_8\">bienestar <\/span><span class=\"_fadeIn_m1hgl_8\">de <\/span><span class=\"_fadeIn_m1hgl_8\">las <\/span><span class=\"_fadeIn_m1hgl_8\">comunidades <\/span><span class=\"_fadeIn_m1hgl_8\">mineras <\/span><span class=\"_fadeIn_m1hgl_8\">de <\/span><span class=\"_fadeIn_m1hgl_8\">la <\/span><span class=\"_fadeIn_m1hgl_8\">provincia.<\/span><\/p>\n","protected":false},"excerpt":{"rendered":"<p>\u00a0En una rueda de prensa desarrollada este martes, el presidente de la C\u00e1mara de Miner\u00eda de Zamora Chinchipe (CAMIZ), Pa\u00fal Pineda Cordero, realiz\u00f3 un en\u00e9rgico llamado a las autoridades locales y del Gobierno Nacional a involucrarse de manera activa y responsable en la Asamblea Provincial de Autoridades y L\u00edderes Mineros, que se llevar\u00e1 a cabo [&hellip;]<\/p>\n","protected":false},"author":1,"featured_media":12234,"comment_status":"open","ping_status":"open","sticky":false,"template":"","format":"standard","meta":{"footnotes":""},"categories":[9],"tags":[],"_links":{"self":[{"href":"https:\/\/infozamoraec.com\/index.php\/wp-json\/wp\/v2\/posts\/12233"}],"collection":[{"href":"https:\/\/infozamoraec.com\/index.php\/wp-json\/wp\/v2\/posts"}],"about":[{"href":"https:\/\/infozamoraec.com\/index.php\/wp-json\/wp\/v2\/types\/post"}],"author":[{"embeddable":true,"href":"https:\/\/infozamoraec.com\/index.php\/wp-json\/wp\/v2\/users\/1"}],"replies":[{"embeddable":true,"href":"https:\/\/infozamoraec.com\/index.php\/wp-json\/wp\/v2\/comments?post=12233"}],"version-history":[{"count":1,"href":"https:\/\/infozamoraec.com\/index.php\/wp-json\/wp\/v2\/posts\/12233\/revisions"}],"predecessor-version":[{"id":12235,"href":"https:\/\/infozamoraec.com\/index.php\/wp-json\/wp\/v2\/posts\/12233\/revisions\/12235"}],"wp:featuredmedia":[{"embeddable":true,"href":"https:\/\/infozamoraec.com\/index.php\/wp-json\/wp\/v2\/media\/12234"}],"wp:attachment":[{"href":"https:\/\/infozamoraec.com\/index.php\/wp-json\/wp\/v2\/media?parent=12233"}],"wp:term":[{"taxonomy":"category","embeddable":true,"href":"https:\/\/infozamoraec.com\/index.php\/wp-json\/wp\/v2\/categories?post=12233"},{"taxonomy":"post_tag","embeddable":true,"href":"https:\/\/infozamoraec.com\/index.php\/wp-json\/wp\/v2\/tags?post=12233"}],"curies":[{"name":"wp","href":"https:\/\/api.w.org\/{rel}","templated":true}]}}