{"id":12224,"date":"2025-05-14T22:25:05","date_gmt":"2025-05-14T22:25:05","guid":{"rendered":"https:\/\/infozamoraec.com\/?p=12224"},"modified":"2025-05-14T22:25:05","modified_gmt":"2025-05-14T22:25:05","slug":"asambleista-monica-palacios-del-correismo-acusa-a-pachakutik-de-volverse-a-vender-por-un-plato-de-lentejas","status":"publish","type":"post","link":"https:\/\/infozamoraec.com\/index.php\/2025\/05\/14\/asambleista-monica-palacios-del-correismo-acusa-a-pachakutik-de-volverse-a-vender-por-un-plato-de-lentejas\/","title":{"rendered":"Asamble\u00edsta M\u00f3nica Palacios del corre\u00edsmo acusa a Pachakutik de \u2018volverse a vender por un plato de lentejas\u2019,"},"content":{"rendered":"<p>\u201cNi siquiera les dieron la Presidencia de la Asamblea Nacional, traicionaron a sus bases que hist\u00f3ricamente han sido de izquierda\u201d, dijo la asamble\u00edsta del movimiento de la Revoluci\u00f3n Ciudadana (MRC) M\u00f3nica Palacios sobre el voto que dieron los legisladores de Pachakutik (PK) para elegir a las autoridades principales de la Funci\u00f3n Legislativa.<\/p>\n<p>\u201cComo lo advert\u00ed queridos ecuatorianos, Pachakutik se volvi\u00f3 a vender por un plato de lentejas&#8230;, una pena realmente lo que estamos viviendo dentro de la Asamblea Nacional, seguimos con los ponchos dorados y eso es lo \u00fanico que queda de un movimiento que deber\u00eda de defender a las nacionalidades ind\u00edgenas\u201d, cuestion\u00f3 Palacios en un video publicado en su perfil de X (otrora Twitter).<\/p>\n<p>Palacios fue electa como legisladora bajo la representaci\u00f3n de la comunidad de ecuatorianos que viven en Estados Unidos y Canad\u00e1.<\/p>\n<p>En la primera sesi\u00f3n de la Asamblea Nacional de este 14 de mayo, Niels Olsen del movimiento oficialista Alianza Democr\u00e1tica Nacional (ADN) obtuvo 80 votos y fue escogido como presidente del Legislativo con el apoyo de la bancada de PK.<\/p>\n<p>Olsen llega al cargo con tres votos m\u00e1s de los necesarios consiguiendo la mayor\u00eda absoluta, o sea, 77 (la mitad m\u00e1s uno del pleno de 151 legisladores).<\/p>\n<p>Hubo 65 en contra y 6 abstenciones.<\/p>\n<p>Adem\u00e1s,\u00a0<a href=\"https:\/\/www.eluniverso.com\/noticias\/politica\/en-una-segunda-votacion-carmen-tiupul-de-pachakutik-se-alzo-con-la-segunda-vicepresidencia-del-parlamento-nota\/?utm_source=onesignal&amp;utm_medium=push&amp;utm_campaign=2025-05-14-En-una-segunda-\" target=\"_self\" rel=\"noopener noreferrer nofollow\"><strong>Carmen Tiupul, de PK, fue escogida como la segunda vicepresidencia del Parlamento<\/strong><\/a>. Su nominaci\u00f3n obtuvo 78 votos a favor, 64 en contra y 8 abstenciones.<\/p>\n<p>Anteriormente,\u00a0<a href=\"https:\/\/www.eluniverso.com\/noticias\/politica\/mishel-mancheno-de-las-filas-de-adn-es-la-primera-vicepresidenta-del-legislativo-nota\/\" target=\"_self\" rel=\"noopener noreferrer nofollow\"><strong>Mishel Mancheno D\u00e1vila hab\u00eda sido elegida como primera vicepresidenta<\/strong><\/a>\u00a0de la Asamblea Nacional.<\/p>\n<p>Mancheno, legisladora de ADN por Chimborazo, logr\u00f3 79 votos a favor, 65 negativos y 7 abstenciones. Su nombre fue mocionado por su coideario Ferdinan \u00c1lvarez, quien previamente expres\u00f3 su apoyo al nuevo presidente de la Asamblea Nacional, Olsen.<\/p>\n","protected":false},"excerpt":{"rendered":"<p>\u201cNi siquiera les dieron la Presidencia de la Asamblea Nacional, traicionaron a sus bases que hist\u00f3ricamente han sido de izquierda\u201d, dijo la asamble\u00edsta del movimiento de la Revoluci\u00f3n Ciudadana (MRC) M\u00f3nica Palacios sobre el voto que dieron los legisladores de Pachakutik (PK) para elegir a las autoridades principales de la Funci\u00f3n Legislativa. \u201cComo lo advert\u00ed [&hellip;]<\/p>\n","protected":false},"author":1,"featured_media":12225,"comment_status":"open","ping_status":"open","sticky":false,"template":"","format":"standard","meta":{"footnotes":""},"categories":[12],"tags":[],"_links":{"self":[{"href":"https:\/\/infozamoraec.com\/index.php\/wp-json\/wp\/v2\/posts\/12224"}],"collection":[{"href":"https:\/\/infozamoraec.com\/index.php\/wp-json\/wp\/v2\/posts"}],"about":[{"href":"https:\/\/infozamoraec.com\/index.php\/wp-json\/wp\/v2\/types\/post"}],"author":[{"embeddable":true,"href":"https:\/\/infozamoraec.com\/index.php\/wp-json\/wp\/v2\/users\/1"}],"replies":[{"embeddable":true,"href":"https:\/\/infozamoraec.com\/index.php\/wp-json\/wp\/v2\/comments?post=12224"}],"version-history":[{"count":1,"href":"https:\/\/infozamoraec.com\/index.php\/wp-json\/wp\/v2\/posts\/12224\/revisions"}],"predecessor-version":[{"id":12226,"href":"https:\/\/infozamoraec.com\/index.php\/wp-json\/wp\/v2\/posts\/12224\/revisions\/12226"}],"wp:featuredmedia":[{"embeddable":true,"href":"https:\/\/infozamoraec.com\/index.php\/wp-json\/wp\/v2\/media\/12225"}],"wp:attachment":[{"href":"https:\/\/infozamoraec.com\/index.php\/wp-json\/wp\/v2\/media?parent=12224"}],"wp:term":[{"taxonomy":"category","embeddable":true,"href":"https:\/\/infozamoraec.com\/index.php\/wp-json\/wp\/v2\/categories?post=12224"},{"taxonomy":"post_tag","embeddable":true,"href":"https:\/\/infozamoraec.com\/index.php\/wp-json\/wp\/v2\/tags?post=12224"}],"curies":[{"name":"wp","href":"https:\/\/api.w.org\/{rel}","templated":true}]}}