{"id":12209,"date":"2025-05-14T22:15:51","date_gmt":"2025-05-14T22:15:51","guid":{"rendered":"https:\/\/infozamoraec.com\/?p=12209"},"modified":"2025-05-14T22:15:51","modified_gmt":"2025-05-14T22:15:51","slug":"maria-jose-pinto-felicita-niels-olsen-hoy-empieza-una-asamblea-distinta","status":"publish","type":"post","link":"https:\/\/infozamoraec.com\/index.php\/2025\/05\/14\/maria-jose-pinto-felicita-niels-olsen-hoy-empieza-una-asamblea-distinta\/","title":{"rendered":"Mar\u00eda Jos\u00e9 Pinto felicita Niels Olsen: \u00abHoy empieza una Asamblea distinta\u00bb"},"content":{"rendered":"<p>En su cuenta de<strong>\u00a0X,<\/strong>\u00a0la vicepresidenta electa,\u00a0<strong>Mar\u00eda Jos\u00e9 Pinto<\/strong>, felicit\u00f3 en su cuenta de X al actual presidente de la\u00a0<strong>Asamblea Niels Olsen\u00a0<\/strong>e indic\u00f3 que \u00abes un honor trabajar con\u00a0<a title=\"Daniel Noboa\" href=\"https:\/\/www.larepublica.ec\/blog\/2025\/05\/14\/noboa-felicita-a-olsen-por-ganar-la-presidencia-del-legislativo-la-asamblea-dejara-de-ser-un-freno-para-ser-un-motor\/\" target=\"_blank\" rel=\"noopener\">Daniel Noboa<\/a>\u00a0y\u00a0<a href=\"https:\/\/www.instagram.com\/nielsolsen\/\" target=\"_blank\" rel=\"noopener\">\u00a0Niels Olsen<\/a>\u00a0por el Ecuador que los ciudadanos eligieron. \u00a1Felicitaciones, Niels, por tu elecci\u00f3n como presidente de la\u00a0<strong>Asamblea Nacional<\/strong>! Hoy empieza una\u00a0Asamblea Distinta\u00a0libre de ataduras del pasado y enfocada en el di\u00e1logo y la estabilidad\u00bb, escribi\u00f3 Pinto.<\/p>\n<p>El legislador\u00a0<strong>oficialista Niels Olsen Peet<\/strong>\u00a0logr\u00f3 80 votos, tres m\u00e1s de los necesarios para lograr la mayor\u00eda absoluta,\u00a0<strong>o sea, 77\u00a0<\/strong>(la mitad m\u00e1s uno del pleno de 151 legisladores). Hubo 65 en contra y 6 abstenciones. los votos<strong>\u00a0para ser elegido como presidente del Parlamento la ma\u00f1ana de este mi\u00e9rcoles<\/strong>, 14 de mayo del 2025.<\/p>\n<p>Su nombre fue mocionado por su coidearia<strong>\u00a0Valentina Centeno<\/strong>, en el marco de la sesi\u00f3n inaugural de la Asamblea Nacional.<\/p>\n<p>Olsen fue posesionado, minutos despu\u00e9s, por Annabella Az\u00edn, quien dirige a esta hora la sesi\u00f3n inaugural.<\/p>\n","protected":false},"excerpt":{"rendered":"<p>En su cuenta de\u00a0X,\u00a0la vicepresidenta electa,\u00a0Mar\u00eda Jos\u00e9 Pinto, felicit\u00f3 en su cuenta de X al actual presidente de la\u00a0Asamblea Niels Olsen\u00a0e indic\u00f3 que \u00abes un honor trabajar con\u00a0Daniel Noboa\u00a0y\u00a0\u00a0Niels Olsen\u00a0por el Ecuador que los ciudadanos eligieron. \u00a1Felicitaciones, Niels, por tu elecci\u00f3n como presidente de la\u00a0Asamblea Nacional! Hoy empieza una\u00a0Asamblea Distinta\u00a0libre de ataduras del pasado y [&hellip;]<\/p>\n","protected":false},"author":1,"featured_media":12210,"comment_status":"open","ping_status":"open","sticky":false,"template":"","format":"standard","meta":{"footnotes":""},"categories":[12],"tags":[],"_links":{"self":[{"href":"https:\/\/infozamoraec.com\/index.php\/wp-json\/wp\/v2\/posts\/12209"}],"collection":[{"href":"https:\/\/infozamoraec.com\/index.php\/wp-json\/wp\/v2\/posts"}],"about":[{"href":"https:\/\/infozamoraec.com\/index.php\/wp-json\/wp\/v2\/types\/post"}],"author":[{"embeddable":true,"href":"https:\/\/infozamoraec.com\/index.php\/wp-json\/wp\/v2\/users\/1"}],"replies":[{"embeddable":true,"href":"https:\/\/infozamoraec.com\/index.php\/wp-json\/wp\/v2\/comments?post=12209"}],"version-history":[{"count":1,"href":"https:\/\/infozamoraec.com\/index.php\/wp-json\/wp\/v2\/posts\/12209\/revisions"}],"predecessor-version":[{"id":12211,"href":"https:\/\/infozamoraec.com\/index.php\/wp-json\/wp\/v2\/posts\/12209\/revisions\/12211"}],"wp:featuredmedia":[{"embeddable":true,"href":"https:\/\/infozamoraec.com\/index.php\/wp-json\/wp\/v2\/media\/12210"}],"wp:attachment":[{"href":"https:\/\/infozamoraec.com\/index.php\/wp-json\/wp\/v2\/media?parent=12209"}],"wp:term":[{"taxonomy":"category","embeddable":true,"href":"https:\/\/infozamoraec.com\/index.php\/wp-json\/wp\/v2\/categories?post=12209"},{"taxonomy":"post_tag","embeddable":true,"href":"https:\/\/infozamoraec.com\/index.php\/wp-json\/wp\/v2\/tags?post=12209"}],"curies":[{"name":"wp","href":"https:\/\/api.w.org\/{rel}","templated":true}]}}