{"id":12206,"date":"2025-05-14T22:13:59","date_gmt":"2025-05-14T22:13:59","guid":{"rendered":"https:\/\/infozamoraec.com\/?p=12206"},"modified":"2025-05-14T22:13:59","modified_gmt":"2025-05-14T22:13:59","slug":"niels-olsen-elegido-presidente-de-nueva-asamblea-nacional","status":"publish","type":"post","link":"https:\/\/infozamoraec.com\/index.php\/2025\/05\/14\/niels-olsen-elegido-presidente-de-nueva-asamblea-nacional\/","title":{"rendered":"Niels Olsen, elegido presidente de nueva Asamblea Nacional"},"content":{"rendered":"<p>Con 80 votos a favor, el ex ministro de Turismo y asamble\u00edsta por la Acci\u00f3n Democr\u00e1tica Nacional (ADN7),\u00a0<strong><a title=\"\" href=\"https:\/\/x.com\/NielsOlsenP\" target=\"_blank\">Niels Olsen<\/a><\/strong>, fue designado este mi\u00e9rcoles, 14 de mayo, en Quito, como el presidente de la nueva Asamblea durante dos a\u00f1os (2025-2027).<img decoding=\"async\" src=\"https:\/\/servedby.revive-adserver.net\/lg.php?bannerid=0&amp;campaignid=0&amp;zoneid=2931&amp;loc=https%3A%2F%2Fwww.larepublica.ec%2Fblog%2F2025%2F05%2F14%2Fadn-y-el-correismo-se-preparan-para-la-primera-sesion-del-nuevo-periodo-legislativo%2F&amp;referer=https%3A%2F%2Fwww.larepublica.ec%2F&amp;cb=7f120c698e\" alt=\"\" width=\"0\" height=\"0\" \/><\/p>\n<p><strong><a title=\"\" href=\"https:\/\/www.larepublica.ec\/blog\/2025\/05\/13\/nueva-asamblea-adn-denuncio-supuesto-delito-de-rebelion\/\" target=\"_blank\" rel=\"noopener\">ADN7\u00a0<\/a><\/strong>celebr\u00f3 su triunfo, Olsen no dud\u00f3 en agradecer a sus compa\u00f1eros y a los ecuatorianos por el apoyo otorgado:\u00a0<strong>\u00abGracias Dra., Annabella Az\u00edn, estoy aqu\u00ed para construir y no destruir\u00bb.<\/strong><\/p>\n<p><strong>Annabella Az\u00edn<\/strong>, asamble\u00edsta nacional por ADN7 y madre del presidente de la Rep\u00fablica reelecto,\u00a0<strong>Daniel Noboa<\/strong>, fue quien lo oficializ\u00f3 y dirigi\u00f3 incialmente la primera sesi\u00f3n del Parlamento, hoy, a las 10:00, en su reciente per\u00edodo legislativo (2025-2029), integrado por 151 asamble\u00edstas.<\/p>\n<p>De los 151 asamble\u00edstas solo fueron 150, un funcionario no acudi\u00f3 al evento.\u00a0<strong>Az\u00edn<\/strong>\u00a0(ADN7) como\u00a0<strong>Ra\u00fal Ch\u00e1vez<\/strong>\u00a0(RC5-RETO33) y\u00a0<strong>Alfredo Serrano<\/strong>\u00a0(PSC6) incursionaron al lugar, los tres obtuvieron mayor\u00eda de votos.<\/p>\n<p>Az\u00edn fue la primera en dedicar unas palabras:\u00a0<strong>\u00abMi m\u00e1s sincero agradecimiento a los m\u00e1s de 3\u2019900,000 ecuatorianos que confiaron en m\u00ed, en mi persona y me convirtieron en la asamble\u00edsta m\u00e1s votada en la historia republicana de nuestro pa\u00eds\u00bb.<\/strong><\/p>\n<p>La funcionaria adem\u00e1s se\u00f1al\u00f3 que<strong>\u00a0\u00abaspira contar con una oposici\u00f3n renovada que con criterio y amor por el pa\u00eds y no por odios irracionales hagan patria porque nadie tiene el monopolio de c\u00f3mo se debe ser ecuatoriano\u201d.<\/strong><\/p>\n<p>Az\u00edn recalc\u00f3 que desde el pasado domingo, 13 de abril,\u00a0<strong>\u00abhay una sensaci\u00f3n de tranquilidad y optimismo en el pa\u00eds<\/strong>\u00a0<strong>(\u2026) Gracias a la victoria contundente que otorg\u00f3 el pueblo ecuatoriano a Daniel Noboa\u00bb.<\/strong><\/p>\n","protected":false},"excerpt":{"rendered":"<p>Con 80 votos a favor, el ex ministro de Turismo y asamble\u00edsta por la Acci\u00f3n Democr\u00e1tica Nacional (ADN7),\u00a0Niels Olsen, fue designado este mi\u00e9rcoles, 14 de mayo, en Quito, como el presidente de la nueva Asamblea durante dos a\u00f1os (2025-2027). ADN7\u00a0celebr\u00f3 su triunfo, Olsen no dud\u00f3 en agradecer a sus compa\u00f1eros y a los ecuatorianos por [&hellip;]<\/p>\n","protected":false},"author":1,"featured_media":12207,"comment_status":"open","ping_status":"open","sticky":false,"template":"","format":"standard","meta":{"footnotes":""},"categories":[12],"tags":[],"_links":{"self":[{"href":"https:\/\/infozamoraec.com\/index.php\/wp-json\/wp\/v2\/posts\/12206"}],"collection":[{"href":"https:\/\/infozamoraec.com\/index.php\/wp-json\/wp\/v2\/posts"}],"about":[{"href":"https:\/\/infozamoraec.com\/index.php\/wp-json\/wp\/v2\/types\/post"}],"author":[{"embeddable":true,"href":"https:\/\/infozamoraec.com\/index.php\/wp-json\/wp\/v2\/users\/1"}],"replies":[{"embeddable":true,"href":"https:\/\/infozamoraec.com\/index.php\/wp-json\/wp\/v2\/comments?post=12206"}],"version-history":[{"count":1,"href":"https:\/\/infozamoraec.com\/index.php\/wp-json\/wp\/v2\/posts\/12206\/revisions"}],"predecessor-version":[{"id":12208,"href":"https:\/\/infozamoraec.com\/index.php\/wp-json\/wp\/v2\/posts\/12206\/revisions\/12208"}],"wp:featuredmedia":[{"embeddable":true,"href":"https:\/\/infozamoraec.com\/index.php\/wp-json\/wp\/v2\/media\/12207"}],"wp:attachment":[{"href":"https:\/\/infozamoraec.com\/index.php\/wp-json\/wp\/v2\/media?parent=12206"}],"wp:term":[{"taxonomy":"category","embeddable":true,"href":"https:\/\/infozamoraec.com\/index.php\/wp-json\/wp\/v2\/categories?post=12206"},{"taxonomy":"post_tag","embeddable":true,"href":"https:\/\/infozamoraec.com\/index.php\/wp-json\/wp\/v2\/tags?post=12206"}],"curies":[{"name":"wp","href":"https:\/\/api.w.org\/{rel}","templated":true}]}}