{"id":12182,"date":"2025-05-14T02:55:43","date_gmt":"2025-05-14T02:55:43","guid":{"rendered":"https:\/\/infozamoraec.com\/?p=12182"},"modified":"2025-05-14T02:55:43","modified_gmt":"2025-05-14T02:55:43","slug":"europa-y-emiratos-arabes-abren-sus-puertas-para-invertir-en-ecuador","status":"publish","type":"post","link":"https:\/\/infozamoraec.com\/index.php\/2025\/05\/14\/europa-y-emiratos-arabes-abren-sus-puertas-para-invertir-en-ecuador\/","title":{"rendered":"Europa y Emiratos \u00c1rabes abren sus puertas para invertir en Ecuador"},"content":{"rendered":"<p>La gira de<strong>\u00a0casi 2 semanas que realiz\u00f3 el presidente\u00a0<a title=\"Daniel Noboa\" href=\"https:\/\/www.instagram.com\/danielnoboaok\/?hl=es-la\" target=\"_blank\" rel=\"noopener\">Daniel Noboa<\/a><\/strong>, por pa\u00edses de Europa y Medio Oriente,\u00a0<strong>signific\u00f3 excelentes noticias para el Ecuador<\/strong>, seg\u00fan indic\u00f3 el Gobierno. Pues, en un programa radial la ministra de Energ\u00eda,\u00a0<strong><a title=\"In\u00e9s Manzano\" href=\"https:\/\/www.larepublica.ec\/blog\/2025\/05\/08\/ines-manzano-se-reunio-con-ejecutivos-de-totalenergies-para-inversion-energetica\/\" target=\"_blank\" rel=\"noopener\">In\u00e9s Manzano<\/a><\/strong>, quien form\u00f3 parte de la comitiva.<\/p>\n<p>La funcionaria destac\u00f3 important\u00edsimos acuerdos en materia energ\u00e9tica, construcci\u00f3n, miner\u00eda e inversi\u00f3n.<\/p>\n<h2 class=\"wp-block-heading\">Portafolio grande de proyectos<\/h2>\n<p>Manzano explic\u00f3 que,\u00a0<strong>como parte de la estrategia, Noboa llev\u00f3 un extenso portafolio de proyectos,<\/strong>\u00a0con miras a proponer inversi\u00f3n y cooperaci\u00f3n de los pa\u00edses visitados.<\/p>\n<p>El\u00a0<strong>m\u00e1s importante es el de generaci\u00f3n el\u00e9ctrica, mediante las obras Cardenillo y Santiago<\/strong>, que ya cuentan con los respectivos estudios.Tambi\u00e9n remarc\u00f3 el memor\u00e1ndum de entendimiento con Israel, que\u00a0<strong>permitir\u00eda a corto plazo implementar general solar eficiente<\/strong>.<\/p>\n<p>En el campo petrolero,\u00a0<strong>hay un acuerdo con Abu Dabi Oil Company,<\/strong>\u00a0empresa de los Emiratos \u00c1rabes, y\u00a0<strong>una de las m\u00e1s grandes y poderosas del mundo<\/strong>, para mejorar nuestra explotaci\u00f3n de crudo.<\/p>\n<p>La ministra precis\u00f3 que, a lo largo de todo su recorrido, el mandatario fue recibido por las principales autoridades de cada pa\u00eds.<strong>\u00a0Es decir, seg\u00f1un indic\u00f3 Manzano, \u00abpresidentes, ministros y reyes se vieron enterados de los proyectos que hoy tienen en Ecuador y est\u00e1n dispuestos a invertir\u00bb, se\u00f1al\u00f3 la ministra. \u00abY todos ellos mostraron apertura e inter\u00e9s\u00bb, concluy\u00f3.<\/strong><\/p>\n<p>Como complemento, durante la reciente gira se\u00a0<strong>establecieron los primeros contactos, para la posiblemente implementaci\u00f3n de energ\u00eda nuclear compacta<\/strong>\u00a0y\u00a0<strong>energ\u00eda geot\u00e9rmica<\/strong>, aprovechando los numerosos volcanes que existen en el pa\u00eds.<\/p>\n","protected":false},"excerpt":{"rendered":"<p>La gira de\u00a0casi 2 semanas que realiz\u00f3 el presidente\u00a0Daniel Noboa, por pa\u00edses de Europa y Medio Oriente,\u00a0signific\u00f3 excelentes noticias para el Ecuador, seg\u00fan indic\u00f3 el Gobierno. Pues, en un programa radial la ministra de Energ\u00eda,\u00a0In\u00e9s Manzano, quien form\u00f3 parte de la comitiva. La funcionaria destac\u00f3 important\u00edsimos acuerdos en materia energ\u00e9tica, construcci\u00f3n, miner\u00eda e inversi\u00f3n. Portafolio [&hellip;]<\/p>\n","protected":false},"author":1,"featured_media":12183,"comment_status":"open","ping_status":"open","sticky":false,"template":"","format":"standard","meta":{"footnotes":""},"categories":[12],"tags":[],"_links":{"self":[{"href":"https:\/\/infozamoraec.com\/index.php\/wp-json\/wp\/v2\/posts\/12182"}],"collection":[{"href":"https:\/\/infozamoraec.com\/index.php\/wp-json\/wp\/v2\/posts"}],"about":[{"href":"https:\/\/infozamoraec.com\/index.php\/wp-json\/wp\/v2\/types\/post"}],"author":[{"embeddable":true,"href":"https:\/\/infozamoraec.com\/index.php\/wp-json\/wp\/v2\/users\/1"}],"replies":[{"embeddable":true,"href":"https:\/\/infozamoraec.com\/index.php\/wp-json\/wp\/v2\/comments?post=12182"}],"version-history":[{"count":1,"href":"https:\/\/infozamoraec.com\/index.php\/wp-json\/wp\/v2\/posts\/12182\/revisions"}],"predecessor-version":[{"id":12184,"href":"https:\/\/infozamoraec.com\/index.php\/wp-json\/wp\/v2\/posts\/12182\/revisions\/12184"}],"wp:featuredmedia":[{"embeddable":true,"href":"https:\/\/infozamoraec.com\/index.php\/wp-json\/wp\/v2\/media\/12183"}],"wp:attachment":[{"href":"https:\/\/infozamoraec.com\/index.php\/wp-json\/wp\/v2\/media?parent=12182"}],"wp:term":[{"taxonomy":"category","embeddable":true,"href":"https:\/\/infozamoraec.com\/index.php\/wp-json\/wp\/v2\/categories?post=12182"},{"taxonomy":"post_tag","embeddable":true,"href":"https:\/\/infozamoraec.com\/index.php\/wp-json\/wp\/v2\/tags?post=12182"}],"curies":[{"name":"wp","href":"https:\/\/api.w.org\/{rel}","templated":true}]}}