{"id":12179,"date":"2025-05-14T02:53:41","date_gmt":"2025-05-14T02:53:41","guid":{"rendered":"https:\/\/infozamoraec.com\/?p=12179"},"modified":"2025-05-14T02:53:41","modified_gmt":"2025-05-14T02:53:41","slug":"nueva-asamblea-adn-denuncio-supuesto-delito-de-rebelion","status":"publish","type":"post","link":"https:\/\/infozamoraec.com\/index.php\/2025\/05\/14\/nueva-asamblea-adn-denuncio-supuesto-delito-de-rebelion\/","title":{"rendered":"Nueva Asamblea: ADN denunci\u00f3 supuesto delito de \u2018rebeli\u00f3n\u2019"},"content":{"rendered":"<p>A menos de 24 horas para la instalaci\u00f3n de la\u00a0<strong><a title=\"\" href=\"https:\/\/www.larepublica.ec\/blog\/2025\/05\/12\/nueva-asamblea-noboa-y-adn-ultiman-detalles\/\" target=\"_blank\" rel=\"noopener\">nueva Asamblea Nacional<\/a><\/strong>\u00a0conformada por 151 asamble\u00edstas por cuatro a\u00f1os (2025-2029), la\u00a0<strong><a title=\"\" href=\"https:\/\/x.com\/FiscaliaEcuador\" target=\"_blank\">Fiscal\u00eda General del Estado (FGE)<\/a><\/strong>\u00a0inici\u00f3 este martes, 13 de mayo, una indagaci\u00f3n preliminar por un posible delito de\u00a0<strong>\u00abrebeli\u00f3n\u00bb<\/strong>, as\u00ed lo adelant\u00f3 El Universo.<img decoding=\"async\" src=\"https:\/\/servedby.revive-adserver.net\/lg.php?bannerid=0&amp;campaignid=0&amp;zoneid=2931&amp;loc=https%3A%2F%2Fwww.larepublica.ec%2Fblog%2F2025%2F05%2F13%2Fnueva-asamblea-adn-denuncio-supuesto-delito-de-rebelion%2F&amp;referer=https%3A%2F%2Fwww.larepublica.ec%2F&amp;cb=4d3adcd4dd\" alt=\"\" width=\"0\" height=\"0\" \/><\/p>\n<p>Se presume que el objetivo de dicho acto ser\u00eda evitar que<strong>\u00a0Anabella Az\u00edn<\/strong>, asamble\u00edsta nacional por la Acci\u00f3n Democr\u00e1tica Nacional (AND7) y madre del presidente de la Rep\u00fablica reelecto,\u00a0<strong>Daniel Noboa<\/strong>, dirija la sesi\u00f3n inaugural ma\u00f1ana mi\u00e9rcoles, 14 del presente mes.<\/p>\n<p><span>Seg\u00fan<\/span><strong>\u00a0<\/strong><span>lo establecido por el procedimiento legislativo, la primera sesi\u00f3n de instalaci\u00f3n debe ser dirigida por los tres asamble\u00edstas nacionales que obtuvieron el mayor n\u00famero de votos. Este es el caso de\u00a0<\/span><strong>Anabella<\/strong><strong>\u00a0<\/strong><strong>(ADN7)<\/strong><span>,\u00a0<\/span><strong>Ra\u00fal Ch\u00e1vez, de la alianza Revoluci\u00f3n Ciudadana-Renovaci\u00f3n Total (RC5-RETO33)\u00a0<\/strong><span>y\u00a0<\/span><strong>Alfredo Serrano, del Partido Social Cristiano (PSC6).<\/strong><\/p>\n<p>No obstante, el oficialismo denunci\u00f3 supuestas presiones sobre el departamento jur\u00eddico del Parlamento, con el fin de respaldar un informe que har\u00eda posible impugnar la presidencia provisional durante la sesi\u00f3n inaugural.<\/p>\n<p>De concretarse esa situaci\u00f3n, la responsabilidad recaer\u00eda en un asamble\u00edsta corre\u00edsta. De acuerdo con la demanda, durante la \u00faltima semana de abril y los d\u00edas siguientes, se habr\u00edan llevado a cabo reuniones en las oficinas de la Presidencia de la Asamblea, donde supuestamente se ejerci\u00f3 presi\u00f3n sobre la \u00e1rea de Asesor\u00eda Jur\u00eddica para que emitiera un informe favorable a la apelaci\u00f3n. As\u00ed lo inform\u00f3 El Universo.<\/p>\n<p>El documento tambi\u00e9n advierte que, si esta acci\u00f3n se materializa, podr\u00eda impedir que el Pleno se instale legalmente y bloquear\u00eda la elecci\u00f3n de las nuevas autoridades legislativas, provocando una par\u00e1lisis institucional justo en la fecha clave establecida por la Constituci\u00f3n.<\/p>\n<p>Desde B\u00e9lgica, el expresidente\u00a0<strong>Rafael Correa<\/strong>\u00a0se pronunci\u00f3 hoy v\u00eda X sobre la investigaci\u00f3n relacionada con el presunto delito de \u2018rebeli\u00f3n\u2019:\u00a0<strong>\u201cNos convirtieron en una Rep\u00fablica de opereta\u2026 \u00a1Cuidado! Con este nuevo pretexto, Lady Impericias puede allanar a todos los asamble\u00edstas\u00bb.<\/strong><\/p>\n","protected":false},"excerpt":{"rendered":"<p>A menos de 24 horas para la instalaci\u00f3n de la\u00a0nueva Asamblea Nacional\u00a0conformada por 151 asamble\u00edstas por cuatro a\u00f1os (2025-2029), la\u00a0Fiscal\u00eda General del Estado (FGE)\u00a0inici\u00f3 este martes, 13 de mayo, una indagaci\u00f3n preliminar por un posible delito de\u00a0\u00abrebeli\u00f3n\u00bb, as\u00ed lo adelant\u00f3 El Universo. Se presume que el objetivo de dicho acto ser\u00eda evitar que\u00a0Anabella Az\u00edn, asamble\u00edsta [&hellip;]<\/p>\n","protected":false},"author":1,"featured_media":12180,"comment_status":"open","ping_status":"open","sticky":false,"template":"","format":"standard","meta":{"footnotes":""},"categories":[12],"tags":[],"_links":{"self":[{"href":"https:\/\/infozamoraec.com\/index.php\/wp-json\/wp\/v2\/posts\/12179"}],"collection":[{"href":"https:\/\/infozamoraec.com\/index.php\/wp-json\/wp\/v2\/posts"}],"about":[{"href":"https:\/\/infozamoraec.com\/index.php\/wp-json\/wp\/v2\/types\/post"}],"author":[{"embeddable":true,"href":"https:\/\/infozamoraec.com\/index.php\/wp-json\/wp\/v2\/users\/1"}],"replies":[{"embeddable":true,"href":"https:\/\/infozamoraec.com\/index.php\/wp-json\/wp\/v2\/comments?post=12179"}],"version-history":[{"count":1,"href":"https:\/\/infozamoraec.com\/index.php\/wp-json\/wp\/v2\/posts\/12179\/revisions"}],"predecessor-version":[{"id":12181,"href":"https:\/\/infozamoraec.com\/index.php\/wp-json\/wp\/v2\/posts\/12179\/revisions\/12181"}],"wp:featuredmedia":[{"embeddable":true,"href":"https:\/\/infozamoraec.com\/index.php\/wp-json\/wp\/v2\/media\/12180"}],"wp:attachment":[{"href":"https:\/\/infozamoraec.com\/index.php\/wp-json\/wp\/v2\/media?parent=12179"}],"wp:term":[{"taxonomy":"category","embeddable":true,"href":"https:\/\/infozamoraec.com\/index.php\/wp-json\/wp\/v2\/categories?post=12179"},{"taxonomy":"post_tag","embeddable":true,"href":"https:\/\/infozamoraec.com\/index.php\/wp-json\/wp\/v2\/tags?post=12179"}],"curies":[{"name":"wp","href":"https:\/\/api.w.org\/{rel}","templated":true}]}}