{"id":12146,"date":"2025-05-13T03:11:15","date_gmt":"2025-05-13T03:11:15","guid":{"rendered":"https:\/\/infozamoraec.com\/?p=12146"},"modified":"2025-05-13T03:11:15","modified_gmt":"2025-05-13T03:11:15","slug":"la-asamblea-aprobo-reforma-para-que-mayores-de-40-anos-tengan-mas-inclusion-laboral","status":"publish","type":"post","link":"https:\/\/infozamoraec.com\/index.php\/2025\/05\/13\/la-asamblea-aprobo-reforma-para-que-mayores-de-40-anos-tengan-mas-inclusion-laboral\/","title":{"rendered":"La Asamblea aprob\u00f3 reforma para que mayores de 40 a\u00f1os tengan m\u00e1s inclusi\u00f3n laboral"},"content":{"rendered":"<p>El Pleno de la\u00a0<a href=\"https:\/\/www.ecuavisa.com\/metadatos\/-\/meta\/asamblea-nacional\" target=\"_blank\" rel=\"noopener noreferrer nofollow\">Asamblea Nacional<\/a>\u00a0se allan\u00f3 a la objeci\u00f3n por inconstitucionalidad en una\u00a0<strong>reforma al C\u00f3digo del Trabajo<\/strong>\u00a0que permite que las\u00a0<strong>personas mayores de 40 a\u00f1os<\/strong>\u00a0tengan m\u00e1s inclusi\u00f3n laboral.<\/p>\n<p>Hubo\u00a0<strong>79 votos a favor\u00a0<\/strong>que vinieron de las bancadas de la Revoluci\u00f3n Ciudadana, PSC e independientes. Parte del oficialismo vot\u00f3 en contra, en sinton\u00eda con el veto parcial por inconstitucionalidad que hizo el presidente Daniel Noboa.<\/p>\n<p>Con la reforma ratificada por el Parlamento, el art\u00edculo 42.3 del C\u00f3digo del Trabajo queda as\u00ed:<\/p>\n<p><em>El empleador que cuente con veinticinco trabajadores, deber\u00e1 mantener a una o un trabajador mayor de cuarenta (40) a\u00f1os.<\/em><\/p>\n<p><strong><em>Cuando mantenga el empleador m\u00e1s de 25 trabajadores deber\u00e1 mantener el uno por ciento del total de su n\u00f3mina a trabajadores de m\u00e1s de cuarenta a\u00f1os, observando los principios de equidad de g\u00e9nero y diversidad.<\/em><\/strong><\/p>\n<p><em>Dicha obligaci\u00f3n no podr\u00e1 ser menor del cuatro por ciento de la totalidad de sus trabajadores.<\/em><\/p>\n<p><em>El Estado, a trav\u00e9s del ente rector del trabajo, implementar\u00e1 programas de incentivos no econ\u00f3micos para aquellos empleadores que incorporen en su n\u00f3mina a personas mayores de cuarenta (40) a\u00f1os que se encuentren en situaci\u00f3n de desempleo, observando los principios de equidad de g\u00e9nero y diversidad.<\/em><\/p>\n<p><em>El ente rector del trabajo publicar\u00e1 anualmente el listado de empleadores que hayan implementado buenas pr\u00e1cticas en la contrataci\u00f3n de personas mayores de cuarenta (40) a\u00f1os, y establecer\u00e1 un sistema de reconocimiento p\u00fablico que contribuya a la visibilizaci\u00f3n de estas iniciativas.<\/em><\/p>\n<p>El Pleno tambi\u00e9n se ratific\u00f3, con los 70 votos justos, en un paquete de\u00a0<strong>reformas laborales<\/strong>\u00a0\u00abpor falta de motivaci\u00f3n, argumentaci\u00f3n jur\u00eddica y de remisi\u00f3n de textos alternativos en la objeci\u00f3n por inconveniencia por parte de la Funci\u00f3n Ejecutiva\u00bb, se\u00f1al\u00f3 la Asamblea. Noboa hab\u00eda hecho en este caso una objeci\u00f3n por inconveniencia.<\/p>\n<p>El proyecto de Ley Org\u00e1nica Reformatoria a Varias Leyes respecto de la Discriminaci\u00f3n por Edad en el Sistema Laboral fue impulsado por la<strong>\u00a0asamble\u00edsta Johanna Ortiz<\/strong>, de la Revoluci\u00f3n Ciudadana, integrante de la Comisi\u00f3n del Derecho al Trabajo.<\/p>\n<p>La Asamblea saliente acelera la aprobaci\u00f3n de leyes en su \u00faltimo Pleno. El 14 de mayo, desde las 10:00, entrar\u00e1 en funciones el Parlamento entrante.<\/p>\n","protected":false},"excerpt":{"rendered":"<p>El Pleno de la\u00a0Asamblea Nacional\u00a0se allan\u00f3 a la objeci\u00f3n por inconstitucionalidad en una\u00a0reforma al C\u00f3digo del Trabajo\u00a0que permite que las\u00a0personas mayores de 40 a\u00f1os\u00a0tengan m\u00e1s inclusi\u00f3n laboral. Hubo\u00a079 votos a favor\u00a0que vinieron de las bancadas de la Revoluci\u00f3n Ciudadana, PSC e independientes. Parte del oficialismo vot\u00f3 en contra, en sinton\u00eda con el veto parcial por [&hellip;]<\/p>\n","protected":false},"author":1,"featured_media":12147,"comment_status":"open","ping_status":"open","sticky":false,"template":"","format":"standard","meta":{"footnotes":""},"categories":[12],"tags":[],"_links":{"self":[{"href":"https:\/\/infozamoraec.com\/index.php\/wp-json\/wp\/v2\/posts\/12146"}],"collection":[{"href":"https:\/\/infozamoraec.com\/index.php\/wp-json\/wp\/v2\/posts"}],"about":[{"href":"https:\/\/infozamoraec.com\/index.php\/wp-json\/wp\/v2\/types\/post"}],"author":[{"embeddable":true,"href":"https:\/\/infozamoraec.com\/index.php\/wp-json\/wp\/v2\/users\/1"}],"replies":[{"embeddable":true,"href":"https:\/\/infozamoraec.com\/index.php\/wp-json\/wp\/v2\/comments?post=12146"}],"version-history":[{"count":1,"href":"https:\/\/infozamoraec.com\/index.php\/wp-json\/wp\/v2\/posts\/12146\/revisions"}],"predecessor-version":[{"id":12148,"href":"https:\/\/infozamoraec.com\/index.php\/wp-json\/wp\/v2\/posts\/12146\/revisions\/12148"}],"wp:featuredmedia":[{"embeddable":true,"href":"https:\/\/infozamoraec.com\/index.php\/wp-json\/wp\/v2\/media\/12147"}],"wp:attachment":[{"href":"https:\/\/infozamoraec.com\/index.php\/wp-json\/wp\/v2\/media?parent=12146"}],"wp:term":[{"taxonomy":"category","embeddable":true,"href":"https:\/\/infozamoraec.com\/index.php\/wp-json\/wp\/v2\/categories?post=12146"},{"taxonomy":"post_tag","embeddable":true,"href":"https:\/\/infozamoraec.com\/index.php\/wp-json\/wp\/v2\/tags?post=12146"}],"curies":[{"name":"wp","href":"https:\/\/api.w.org\/{rel}","templated":true}]}}