{"id":12143,"date":"2025-05-13T03:08:57","date_gmt":"2025-05-13T03:08:57","guid":{"rendered":"https:\/\/infozamoraec.com\/?p=12143"},"modified":"2025-05-13T03:08:57","modified_gmt":"2025-05-13T03:08:57","slug":"cerca-de-20-000-personas-han-sido-vacunadas-contra-la-tosferina-y-fiebre-amarilla-a-nivel-nacional","status":"publish","type":"post","link":"https:\/\/infozamoraec.com\/index.php\/2025\/05\/13\/cerca-de-20-000-personas-han-sido-vacunadas-contra-la-tosferina-y-fiebre-amarilla-a-nivel-nacional\/","title":{"rendered":"Cerca de 20.000 personas han sido vacunadas contra la tosferina y fiebre amarilla a nivel nacional"},"content":{"rendered":"<p>\u201cNo hay raz\u00f3n para alertarnos\u201d, dijo el Ministro de Salud, Edgar Lama, tras advertir que, aunque se han registrado nuevos casos de tosferina en el pa\u00eds durante las \u00faltimas semanas, desde el Ministerio de Salud P\u00fablica (MSP), se ha trabajado para que los nuevos contagiados no requieran ser hospitalizados.<\/p>\n<p>La autoridad dio a conocer este lunes que aproximadamente 20.000 personas han sido vacunadas contra la tosferina y fiebre amarilla a nivel nacional.<\/p>\n<p>\u201cHa sido una distribuci\u00f3n bastante equitativa. Casi la mitad de los 20.000 casos de vacunaci\u00f3n, corresponden a tosferina\u201d, se\u00f1al\u00f3 la autoridad.<\/p>\n<p>Para la vacunaci\u00f3n contra la tosferina se ha priorizado a ni\u00f1os menores de cinco a\u00f1os y a mujeres embarazadas.<\/p>\n<p>El Ministro indic\u00f3 que durante la primera semana de mayo se prioriz\u00f3 vacunar a los menores de un a\u00f1o de edad y en esta segunda semana de mayo, se ir\u00e1 avanzando priorizando a ni\u00f1os de cinco y siete a\u00f1os.<\/p>\n<p>Seg\u00fan cifras del MSP, en el 2025 hasta la semana 18, se han registrado 413 casos de tosferina. Guayas sigue siendo la provincia con mayor casos reportados con 116, seg\u00fan detalla el informe.<\/p>\n<p>Un nuevo expediente con cifras actualizadas sobre casos de tosferina y fiebre amarilla ser\u00e1 revelado este martes 23 de mayo por el MSP.<\/p>\n","protected":false},"excerpt":{"rendered":"<p>\u201cNo hay raz\u00f3n para alertarnos\u201d, dijo el Ministro de Salud, Edgar Lama, tras advertir que, aunque se han registrado nuevos casos de tosferina en el pa\u00eds durante las \u00faltimas semanas, desde el Ministerio de Salud P\u00fablica (MSP), se ha trabajado para que los nuevos contagiados no requieran ser hospitalizados. La autoridad dio a conocer este [&hellip;]<\/p>\n","protected":false},"author":1,"featured_media":12144,"comment_status":"open","ping_status":"open","sticky":false,"template":"","format":"standard","meta":{"footnotes":""},"categories":[12],"tags":[],"_links":{"self":[{"href":"https:\/\/infozamoraec.com\/index.php\/wp-json\/wp\/v2\/posts\/12143"}],"collection":[{"href":"https:\/\/infozamoraec.com\/index.php\/wp-json\/wp\/v2\/posts"}],"about":[{"href":"https:\/\/infozamoraec.com\/index.php\/wp-json\/wp\/v2\/types\/post"}],"author":[{"embeddable":true,"href":"https:\/\/infozamoraec.com\/index.php\/wp-json\/wp\/v2\/users\/1"}],"replies":[{"embeddable":true,"href":"https:\/\/infozamoraec.com\/index.php\/wp-json\/wp\/v2\/comments?post=12143"}],"version-history":[{"count":1,"href":"https:\/\/infozamoraec.com\/index.php\/wp-json\/wp\/v2\/posts\/12143\/revisions"}],"predecessor-version":[{"id":12145,"href":"https:\/\/infozamoraec.com\/index.php\/wp-json\/wp\/v2\/posts\/12143\/revisions\/12145"}],"wp:featuredmedia":[{"embeddable":true,"href":"https:\/\/infozamoraec.com\/index.php\/wp-json\/wp\/v2\/media\/12144"}],"wp:attachment":[{"href":"https:\/\/infozamoraec.com\/index.php\/wp-json\/wp\/v2\/media?parent=12143"}],"wp:term":[{"taxonomy":"category","embeddable":true,"href":"https:\/\/infozamoraec.com\/index.php\/wp-json\/wp\/v2\/categories?post=12143"},{"taxonomy":"post_tag","embeddable":true,"href":"https:\/\/infozamoraec.com\/index.php\/wp-json\/wp\/v2\/tags?post=12143"}],"curies":[{"name":"wp","href":"https:\/\/api.w.org\/{rel}","templated":true}]}}